{"id":862,"date":"2022-03-15T09:31:25","date_gmt":"2022-03-15T07:31:25","guid":{"rendered":"https:\/\/kuninkaantie.fi\/?p=862"},"modified":"2022-03-15T09:34:48","modified_gmt":"2022-03-15T07:34:48","slug":"tervetuloa-maalismarkkinoille-26-27-3-klo-10-16-fiskarsin-ruukkiin","status":"publish","type":"post","link":"https:\/\/kuninkaantie.fi\/zh\/tervetuloa-maalismarkkinoille-26-27-3-klo-10-16-fiskarsin-ruukkiin\/","title":{"rendered":"Tervetuloa Maalismarkkinoille 26.-27.3. klo 10-16 Fiskarsin ruukkiin!"},"content":{"rendered":"\n<p><strong>Fiskarsin torin Maalismarkkinoissa yhdistyy kaksi tapahtumaa &#8211; Maan Makujen ruokamarkkinat ja Fiskarsin Kyl\u00e4seuran k\u00e4sity\u00f6markkinat.<\/strong><\/p>\n\n\n\n<p><br>Tapahtumassa on tarjolla on laaja valikoima l\u00e4hiseudun kev\u00e4isi\u00e4 herkkuja, ihania k\u00e4sit\u00f6it\u00e4 ja mukavaa tunnelmaa!&nbsp;Markkinoilla on reilu 30 tuottajaa ja myyj\u00e4\u00e4 (listat alla).&nbsp;Maalismarkkinat tarjoavat hyv\u00e4n tilaisuuden tutustua paikalliseen l\u00e4hiruokatarjontaan ja tuottajiin sek\u00e4 k\u00e4sity\u00f6l\u00e4isiin.<br><br>Maalismarkkinoiden Maan Makujen ruokatapahtumassa p\u00e4\u00e4set tutustumaan l\u00e4hi- ja luomuruokaa tuottaviin pienyritt\u00e4jiin ja maistelemaan kev\u00e4\u00e4n ja p\u00e4\u00e4si\u00e4isen juhlap\u00f6yt\u00e4\u00e4n sopivia tarjottavia.&nbsp;Tule tutustumaan luomuhillojen, makusiirappien, &#8211; hunajan ja villiyrttituotteiden maailmaan unohtamatta emmervehn\u00e4\u00e4, kalatuotteita ja tuoresalaatteja! Maistele tuoresipsej\u00e4, juustoja, chilijuomia ja gluteenittomia leivonnaisia. Osta mukaan luomulihat kev\u00e4\u00e4n ensimm\u00e4isiin grillauksiin ja hanki samalla p\u00e4\u00e4si\u00e4isp\u00f6yd\u00e4n herkut!<\/p>\n\n\n\n<p>Paikalla myym\u00e4ss\u00e4 ja maistattamassa k\u00e4sitehtyj\u00e4 herkkuja ovat mm.&nbsp;Fiskarsin Ruoka-artesaanit ja&nbsp;S\u00f6derg\u00e5rdin tila, joka myy tuotteita aina oman pellon jauhoista tuoreeseen leip\u00e4\u00e4n, mehuihin ja hilloihin yms.<\/p>\n\n\n\n<p>Maalismarkkinoilla on tarjolla my\u00f6s Bovikin tilan luomulammasta ja kyytt\u00f6\u00e4 sek\u00e4 k\u00e4sit\u00f6it\u00e4.&nbsp;Bovikin luomutilan el\u00e4imet elelev\u00e4t Raaseporin kuvankauniissa maisemissa. Luomutilalla asustaa suomenlampaita ja it\u00e4suomenkarjan nautoja eli kyytt\u00f6j\u00e4. Nurmen suvun k\u00e4siss\u00e4 syntyv\u00e4t my\u00f6s villatuotteet kuten k\u00e4sineet, pipot ja sukat.<\/p>\n\n\n\n<p>Tule hankkimaan Maalismarkkinoilta&nbsp;k\u00e4sintehty ja kotimainen&nbsp;linnunp\u00f6ntt\u00f6 &#8211; se on luontoteko! Toinen Luonto valmistaa helppohoitoisia ja laadukkaita linnunp\u00f6ntt\u00f6j\u00e4 &#8211; valikoimissa my\u00f6s p\u00f6ntt\u00f6j\u00e4 lepakoille, oraville, p\u00f6lytt\u00e4jille ym.&nbsp;<\/p>\n\n\n\n<p>Maalismarkkinoiden K\u00e4sity\u00f6markkinat tarjoavat tuotteita kev\u00e4\u00e4n ja tulevan p\u00e4\u00e4si\u00e4isen iloksi.&nbsp;Piccu Nooa valmistaa k\u00e4sity\u00f6n\u00e4 asusteita lapsille ja aikuisille.&nbsp;Piccu Nooalta l\u00f6yd\u00e4t mm. pantoja, pipoja ja huiveja sek\u00e4 spa-tuotteita ja muuta mukavaa.&nbsp;Anna-Liisa Sahranto &nbsp;tekee luonnomateriaaleista kauniita koristeita ja kransseja arkea ja juhlaa pirist\u00e4m\u00e4\u00e4n ja kaunistamaan.&nbsp;K\u00e4sity\u00f6markkinoilla on tarjolla mukava valikoima kotimaisia luomuksia joko lahjaksi tai itse\u00e4 ilahduttamaan!<\/p>\n\n\n\n<p>Tule l\u00f6yt\u00e4m\u00e4\u00e4n makeat ja suolaiset herkut ja ihanat k\u00e4sity\u00f6t alkavan kev\u00e4\u00e4n piristykseksi!&nbsp;<\/p>\n\n\n\n<p>Fiskarsin torin Maalismarkkinoilla on myynniss\u00e4 my\u00f6s kahvilaherkkuja sek\u00e4 lohikeittoa ett\u00e4 paikallisia grillattuja makkaroita.&nbsp;<\/p>\n\n\n\n<p>Maalismarkkinat on ilmainen tapahtuma ja kev\u00e4\u00e4seen her\u00e4\u00e4v\u00e4 Fiskarsin Ruukki tarjoaa el\u00e4myksi\u00e4 koko perheelle!&nbsp;Tervetuloa!<br><br>Maan Makujen tuottajalista l\u00f6ytyy:<br><a href=\"https:\/\/eur03.safelinks.protection.outlook.com\/?url=http%3A%2F%2Fwww.facebook.com%2FMaanMaut%2F&amp;data=04%7C01%7Celisabeth.blomqvist%40fiskars.com%7Cb48475bca5974f8d979f08da05d47c32%7C54cc0dd41f08454f805566227c421fb6%7C0%7C0%7C637828708752996634%7CUnknown%7CTWFpbGZsb3d8eyJWIjoiMC4wLjAwMDAiLCJQIjoiV2luMzIiLCJBTiI6Ik1haWwiLCJXVCI6Mn0%3D%7C3000&amp;sdata=VGcE4KqKPo1mJmPk80ZDJd1sv6WxHyRZgIgkDO05jfY%3D&amp;reserved=0\">www.facebook.com\/MaanMaut\/<\/a><br>K\u00e4sity\u00f6Markkinoiden tuottajalista l\u00f6ytyy:<br><a href=\"https:\/\/eur03.safelinks.protection.outlook.com\/?url=http%3A%2F%2Fwww.facebook.com%2Ffiskarstori%2F&amp;data=04%7C01%7Celisabeth.blomqvist%40fiskars.com%7Cb48475bca5974f8d979f08da05d47c32%7C54cc0dd41f08454f805566227c421fb6%7C0%7C0%7C637828708752996634%7CUnknown%7CTWFpbGZsb3d8eyJWIjoiMC4wLjAwMDAiLCJQIjoiV2luMzIiLCJBTiI6Ik1haWwiLCJXVCI6Mn0%3D%7C3000&amp;sdata=vHDMdlt3cA1vi%2BExcm%2BrdRdoQ4KUafl0YvPU86o1m3o%3D&amp;reserved=0\">www.facebook.com\/fiskarstori\/<\/a><br><br>Fiskarsin ruukin kev\u00e4\u00e4n ohjelma l\u00f6ytyy t\u00e4\u00e4lt\u00e4:<br><a href=\"https:\/\/eur03.safelinks.protection.outlook.com\/?url=https%3A%2F%2Fwww.fiskarsvillage.fi%2Ftapahtumat-ja-aktiviteetit%2F&amp;data=04%7C01%7Celisabeth.blomqvist%40fiskars.com%7Cb48475bca5974f8d979f08da05d47c32%7C54cc0dd41f08454f805566227c421fb6%7C0%7C0%7C637828708752996634%7CUnknown%7CTWFpbGZsb3d8eyJWIjoiMC4wLjAwMDAiLCJQIjoiV2luMzIiLCJBTiI6Ik1haWwiLCJXVCI6Mn0%3D%7C3000&amp;sdata=yRe%2FAJPOsjNieJjIKCmnhLxurF01ED1zjcBMD1stenQ%3D&amp;reserved=0\">https:\/\/www.fiskarsvillage.fi\/tapahtumat-ja-aktiviteetit\/<\/a><br><br><strong>Maalismarkkinat<\/strong><br><strong>Paikka: Fiskarsin torin alue, 10470 Fiskars<\/strong><br><strong>Aika: 26.-27.3.2022 klo 10-16<\/strong><br><strong>J\u00e4rjest\u00e4j\u00e4t: PohjanGurut ry, Fiskars Kyl\u00e4seura ry ja Fiskars Village<\/strong><br><strong>Lis\u00e4tietoja: PohjanGurut \/ Sami Paatero p. 050 328 2127 (Maan Maut),<\/strong><br><strong>Fiskars Kyl\u00e4seura ry \/ <a href=\"mailto:fiskarstorivalvoja@gmail.com\">fiskarstorivalvoja@gmail.com<\/a><\/strong><br><br>***<br><strong>V\u00e4lkommen p\u00e5 V\u00e5rmarknaden l\u00f6-s\u00f6 26.-27.3. kl 10-16.<\/strong><br><br>Den traditionella V\u00e5rmarknaden v\u00e4lkomnar v\u00e5ren i Fiskars Bruk. Jordens Smaker-matevenemanget bjuder p\u00e5 smakupplevelser och mysig st\u00e4mning kring Fiskars torg. P\u00e5 plats \u00e4r m\u00e5nga lokala mathantverkare &#8211; h\u00e4r s\u00e4ljs n\u00e4rproducerad mat: k\u00f6tt, fisk, br\u00f6d, ost, senap, marmelad, sylt, gl\u00f6gg, bakelser och m\u00e5nga fler.<br>Dessutom finns det en del hantverk och matrelaterade produkter till salu.<br>I samband med Jordens Smaker-matevenemanget arrangeras ocks\u00e5 Hantverksmarknad och tillsammans \u00e4r vi Fiskars V\u00e5rmarknaden.<br>Evenemanget har fritt intr\u00e4de! V\u00e4lkommen!<br><br>Jordens Smakers deltagarlista:<br><a href=\"https:\/\/eur03.safelinks.protection.outlook.com\/?url=http%3A%2F%2Fwww.facebook.com%2FMaanMaut%2F&amp;data=04%7C01%7Celisabeth.blomqvist%40fiskars.com%7Cb48475bca5974f8d979f08da05d47c32%7C54cc0dd41f08454f805566227c421fb6%7C0%7C0%7C637828708752996634%7CUnknown%7CTWFpbGZsb3d8eyJWIjoiMC4wLjAwMDAiLCJQIjoiV2luMzIiLCJBTiI6Ik1haWwiLCJXVCI6Mn0%3D%7C3000&amp;sdata=VGcE4KqKPo1mJmPk80ZDJd1sv6WxHyRZgIgkDO05jfY%3D&amp;reserved=0\">www.facebook.com\/MaanMaut\/<\/a><br>Hantverksmarknads deltagarlista:<br><a href=\"https:\/\/eur03.safelinks.protection.outlook.com\/?url=http%3A%2F%2Fwww.facebook.com%2Ffiskarstori%2F&amp;data=04%7C01%7Celisabeth.blomqvist%40fiskars.com%7Cb48475bca5974f8d979f08da05d47c32%7C54cc0dd41f08454f805566227c421fb6%7C0%7C0%7C637828708752996634%7CUnknown%7CTWFpbGZsb3d8eyJWIjoiMC4wLjAwMDAiLCJQIjoiV2luMzIiLCJBTiI6Ik1haWwiLCJXVCI6Mn0%3D%7C3000&amp;sdata=vHDMdlt3cA1vi%2BExcm%2BrdRdoQ4KUafl0YvPU86o1m3o%3D&amp;reserved=0\">www.facebook.com\/fiskarstori\/<\/a><br>Mer om Fiskars brukets program hittar du h\u00e4r:<br><a href=\"https:\/\/eur03.safelinks.protection.outlook.com\/?url=https%3A%2F%2Fwww.fiskarsvillage.fi%2Fsv%2Ftapahtumat-ja-aktiviteetit%2F&amp;data=04%7C01%7Celisabeth.blomqvist%40fiskars.com%7Cb48475bca5974f8d979f08da05d47c32%7C54cc0dd41f08454f805566227c421fb6%7C0%7C0%7C637828708752996634%7CUnknown%7CTWFpbGZsb3d8eyJWIjoiMC4wLjAwMDAiLCJQIjoiV2luMzIiLCJBTiI6Ik1haWwiLCJXVCI6Mn0%3D%7C3000&amp;sdata=W74NXYfLBOvnt%2B6flS%2BD0gTVvGYdxRBnxXpGDWjx09g%3D&amp;reserved=0\">https:\/\/www.fiskarsvillage.fi\/sv\/tapahtumat-ja-aktiviteetit\/<\/a><br><br>Fiskars V\u00e5rmarknaden<br>Plats: Fiskars torg 10470 Fiskars<br>Tid: 26.-27.3.2022 kl. 10-16<br>Arrang\u00f6r: PohjanGurut ry, Fiskars Village och Fiskars Kyl\u00e4seura ry<br>Info: PohjanGurut \/ Sami Paatero p. 050 328 2127 (Jordens Smaker),<br>Fiskars Kyl\u00e4seura ry \/ <a href=\"mailto:fiskarstorivalvoja@gmail.com\">fiskarstorivalvoja@gmail.com<\/a> (Hantverksmarknad),<br>Fiskars Village \/ +358 (0) 20 439 2099 <a href=\"mailto:fiskarsvillage@fiskars.com\">fiskarsvillage@fiskars.com<\/a><br><a href=\"https:\/\/eur03.safelinks.protection.outlook.com\/?url=http%3A%2F%2Fwww.fiskarsvillage.fi%2F&amp;data=04%7C01%7Celisabeth.blomqvist%40fiskars.com%7Cb48475bca5974f8d979f08da05d47c32%7C54cc0dd41f08454f805566227c421fb6%7C0%7C0%7C637828708752996634%7CUnknown%7CTWFpbGZsb3d8eyJWIjoiMC4wLjAwMDAiLCJQIjoiV2luMzIiLCJBTiI6Ik1haWwiLCJXVCI6Mn0%3D%7C3000&amp;sdata=adwWye0HcJ1F2UH6EjRhe95uRN1KbtiXvVqnl5DdM5U%3D&amp;reserved=0\">www.fiskarsvillage.fi<\/a><br><a href=\"https:\/\/eur03.safelinks.protection.outlook.com\/?url=http%3A%2F%2Fwww.facebook.com%2FMaanMaut%2F&amp;data=04%7C01%7Celisabeth.blomqvist%40fiskars.com%7Cb48475bca5974f8d979f08da05d47c32%7C54cc0dd41f08454f805566227c421fb6%7C0%7C0%7C637828708752996634%7CUnknown%7CTWFpbGZsb3d8eyJWIjoiMC4wLjAwMDAiLCJQIjoiV2luMzIiLCJBTiI6Ik1haWwiLCJXVCI6Mn0%3D%7C3000&amp;sdata=VGcE4KqKPo1mJmPk80ZDJd1sv6WxHyRZgIgkDO05jfY%3D&amp;reserved=0\">www.facebook.com\/MaanMaut\/<\/a><\/p>\n","protected":false},"excerpt":{"rendered":"<p>Fiskarsin torin Maalismarkkinoissa yhdistyy kaksi tapah [&hellip;]<\/p>\n","protected":false},"author":2,"featured_media":835,"comment_status":"open","ping_status":"closed","sticky":false,"template":"","format":"standard","meta":{"jetpack_post_was_ever_published":false,"_jetpack_newsletter_access":"","_jetpack_dont_email_post_to_subs":false,"_jetpack_newsletter_tier_id":0,"_jetpack_memberships_contains_paywalled_content":false,"_jetpack_memberships_contains_paid_content":false,"footnotes":""},"categories":[84,74],"tags":[],"class_list":["post-862","post","type-post","status-publish","format-standard","has-post-thumbnail","hentry","category-ajankohtaista","category-tapahtuma"],"translation":{"provider":"WPGlobus","version":"3.0.2","language":"zh","enabled_languages":["en","fi","zh"],"languages":{"en":{"title":true,"content":true,"excerpt":false},"fi":{"title":false,"content":false,"excerpt":false},"zh":{"title":false,"content":false,"excerpt":false}}},"yoast_head":"<!-- This site is optimized with the Yoast SEO plugin v27.3 - https:\/\/yoast.com\/product\/yoast-seo-wordpress\/ -->\n<title>Tervetuloa Maalismarkkinoille 26.-27.3. klo 10-16 Fiskarsin ruukkiin! - \u56fd\u738b\u4e4b\u8def<\/title>\n<meta name=\"robots\" content=\"index, follow, max-snippet:-1, max-image-preview:large, max-video-preview:-1\" \/>\n<link rel=\"canonical\" href=\"https:\/\/kuninkaantie.fi\/tervetuloa-maalismarkkinoille-26-27-3-klo-10-16-fiskarsin-ruukkiin\/\" \/>\n<meta property=\"og:locale\" content=\"zh_CN\" \/>\n<meta property=\"og:type\" content=\"article\" \/>\n<meta property=\"og:title\" content=\"Tervetuloa Maalismarkkinoille 26.-27.3. klo 10-16 Fiskarsin ruukkiin! - \u56fd\u738b\u4e4b\u8def\" \/>\n<meta property=\"og:url\" content=\"https:\/\/kuninkaantie.fi\/tervetuloa-maalismarkkinoille-26-27-3-klo-10-16-fiskarsin-ruukkiin\/\" \/>\n<meta property=\"og:site_name\" content=\"\u56fd\u738b\u4e4b\u8def\" \/>\n<meta property=\"article:published_time\" content=\"2022-03-15T07:31:25+00:00\" \/>\n<meta property=\"article:modified_time\" content=\"2022-03-15T07:34:48+00:00\" \/>\n<meta property=\"og:image\" content=\"https:\/\/kuninkaantie.fi\/wp-content\/uploads\/2021\/09\/3K0A8759.jpg\" \/>\n\t<meta property=\"og:image:width\" content=\"2048\" \/>\n\t<meta property=\"og:image:height\" content=\"1638\" \/>\n\t<meta property=\"og:image:type\" content=\"image\/jpeg\" \/>\n<meta name=\"author\" content=\"TheKing\" \/>\n<meta name=\"twitter:card\" content=\"summary_large_image\" \/>\n<meta name=\"twitter:label1\" content=\"\u4f5c\u8005\" \/>\n\t<meta name=\"twitter:data1\" content=\"TheKing\" \/>\n\t<meta name=\"twitter:label2\" content=\"\u9884\u8ba1\u9605\u8bfb\u65f6\u95f4\" \/>\n\t<meta name=\"twitter:data2\" content=\"3 \u5206\" \/>\n<script type=\"application\/ld+json\" class=\"yoast-schema-graph\">{\"@context\":\"https:\\\/\\\/schema.org\",\"@graph\":[{\"@type\":\"Article\",\"@id\":\"https:\\\/\\\/kuninkaantie.fi\\\/tervetuloa-maalismarkkinoille-26-27-3-klo-10-16-fiskarsin-ruukkiin\\\/#article\",\"isPartOf\":{\"@id\":\"https:\\\/\\\/kuninkaantie.fi\\\/tervetuloa-maalismarkkinoille-26-27-3-klo-10-16-fiskarsin-ruukkiin\\\/\"},\"author\":{\"name\":\"TheKing\",\"@id\":\"https:\\\/\\\/kuninkaantie.fi\\\/#\\\/schema\\\/person\\\/243cae00159e5d12676c67c0c2906af3\"},\"headline\":\"Tervetuloa Maalismarkkinoille 26.-27.3. klo 10-16 Fiskarsin ruukkiin!\",\"datePublished\":\"2022-03-15T07:31:25+00:00\",\"dateModified\":\"2022-03-15T07:34:48+00:00\",\"mainEntityOfPage\":{\"@id\":\"https:\\\/\\\/kuninkaantie.fi\\\/tervetuloa-maalismarkkinoille-26-27-3-klo-10-16-fiskarsin-ruukkiin\\\/\"},\"wordCount\":622,\"commentCount\":0,\"image\":{\"@id\":\"https:\\\/\\\/kuninkaantie.fi\\\/tervetuloa-maalismarkkinoille-26-27-3-klo-10-16-fiskarsin-ruukkiin\\\/#primaryimage\"},\"thumbnailUrl\":\"https:\\\/\\\/i0.wp.com\\\/kuninkaantie.fi\\\/wp-content\\\/uploads\\\/2021\\\/09\\\/3K0A8759.jpg?fit=2048%2C1638&ssl=1\",\"articleSection\":[\"ajankohtaista\",\"tapahtuma\"],\"inLanguage\":\"zh-Hans\",\"potentialAction\":[{\"@type\":\"CommentAction\",\"name\":\"Comment\",\"target\":[\"https:\\\/\\\/kuninkaantie.fi\\\/tervetuloa-maalismarkkinoille-26-27-3-klo-10-16-fiskarsin-ruukkiin\\\/#respond\"]}]},{\"@type\":\"WebPage\",\"@id\":\"https:\\\/\\\/kuninkaantie.fi\\\/tervetuloa-maalismarkkinoille-26-27-3-klo-10-16-fiskarsin-ruukkiin\\\/\",\"url\":\"https:\\\/\\\/kuninkaantie.fi\\\/tervetuloa-maalismarkkinoille-26-27-3-klo-10-16-fiskarsin-ruukkiin\\\/\",\"name\":\"Tervetuloa Maalismarkkinoille 26.-27.3. klo 10-16 Fiskarsin ruukkiin! - \u56fd\u738b\u4e4b\u8def\",\"isPartOf\":{\"@id\":\"https:\\\/\\\/kuninkaantie.fi\\\/#website\"},\"primaryImageOfPage\":{\"@id\":\"https:\\\/\\\/kuninkaantie.fi\\\/tervetuloa-maalismarkkinoille-26-27-3-klo-10-16-fiskarsin-ruukkiin\\\/#primaryimage\"},\"image\":{\"@id\":\"https:\\\/\\\/kuninkaantie.fi\\\/tervetuloa-maalismarkkinoille-26-27-3-klo-10-16-fiskarsin-ruukkiin\\\/#primaryimage\"},\"thumbnailUrl\":\"https:\\\/\\\/i0.wp.com\\\/kuninkaantie.fi\\\/wp-content\\\/uploads\\\/2021\\\/09\\\/3K0A8759.jpg?fit=2048%2C1638&ssl=1\",\"datePublished\":\"2022-03-15T07:31:25+00:00\",\"dateModified\":\"2022-03-15T07:34:48+00:00\",\"author\":{\"@id\":\"https:\\\/\\\/kuninkaantie.fi\\\/#\\\/schema\\\/person\\\/243cae00159e5d12676c67c0c2906af3\"},\"breadcrumb\":{\"@id\":\"https:\\\/\\\/kuninkaantie.fi\\\/tervetuloa-maalismarkkinoille-26-27-3-klo-10-16-fiskarsin-ruukkiin\\\/#breadcrumb\"},\"inLanguage\":\"zh-Hans\",\"potentialAction\":[{\"@type\":\"ReadAction\",\"target\":[\"https:\\\/\\\/kuninkaantie.fi\\\/tervetuloa-maalismarkkinoille-26-27-3-klo-10-16-fiskarsin-ruukkiin\\\/\"]}]},{\"@type\":\"ImageObject\",\"inLanguage\":\"zh-Hans\",\"@id\":\"https:\\\/\\\/kuninkaantie.fi\\\/tervetuloa-maalismarkkinoille-26-27-3-klo-10-16-fiskarsin-ruukkiin\\\/#primaryimage\",\"url\":\"https:\\\/\\\/i0.wp.com\\\/kuninkaantie.fi\\\/wp-content\\\/uploads\\\/2021\\\/09\\\/3K0A8759.jpg?fit=2048%2C1638&ssl=1\",\"contentUrl\":\"https:\\\/\\\/i0.wp.com\\\/kuninkaantie.fi\\\/wp-content\\\/uploads\\\/2021\\\/09\\\/3K0A8759.jpg?fit=2048%2C1638&ssl=1\",\"width\":2048,\"height\":1638},{\"@type\":\"BreadcrumbList\",\"@id\":\"https:\\\/\\\/kuninkaantie.fi\\\/tervetuloa-maalismarkkinoille-26-27-3-klo-10-16-fiskarsin-ruukkiin\\\/#breadcrumb\",\"itemListElement\":[{\"@type\":\"ListItem\",\"position\":1,\"name\":\"Home\",\"item\":\"https:\\\/\\\/kuninkaantie.fi\\\/\"},{\"@type\":\"ListItem\",\"position\":2,\"name\":\"Tervetuloa Maalismarkkinoille 26.-27.3. klo 10-16 Fiskarsin ruukkiin!\"}]},{\"@type\":\"WebSite\",\"@id\":\"https:\\\/\\\/kuninkaantie.fi\\\/#website\",\"url\":\"https:\\\/\\\/kuninkaantie.fi\\\/\",\"name\":\"\u56fd\u738b\u4e4b\u8def\",\"description\":\"\u53e4\u8001\u7684\u5317\u6b27\u5b98\u9053\",\"potentialAction\":[{\"@type\":\"SearchAction\",\"target\":{\"@type\":\"EntryPoint\",\"urlTemplate\":\"https:\\\/\\\/kuninkaantie.fi\\\/?s={search_term_string}\"},\"query-input\":{\"@type\":\"PropertyValueSpecification\",\"valueRequired\":true,\"valueName\":\"search_term_string\"}}],\"inLanguage\":\"zh-Hans\"},{\"@type\":\"Person\",\"@id\":\"https:\\\/\\\/kuninkaantie.fi\\\/#\\\/schema\\\/person\\\/243cae00159e5d12676c67c0c2906af3\",\"name\":\"TheKing\",\"image\":{\"@type\":\"ImageObject\",\"inLanguage\":\"zh-Hans\",\"@id\":\"https:\\\/\\\/secure.gravatar.com\\\/avatar\\\/cfd18ebca8546aad2f77bff84664c383d2b9b6d99c1672e9111a184b9df23c97?s=96&d=mm&r=g\",\"url\":\"https:\\\/\\\/secure.gravatar.com\\\/avatar\\\/cfd18ebca8546aad2f77bff84664c383d2b9b6d99c1672e9111a184b9df23c97?s=96&d=mm&r=g\",\"contentUrl\":\"https:\\\/\\\/secure.gravatar.com\\\/avatar\\\/cfd18ebca8546aad2f77bff84664c383d2b9b6d99c1672e9111a184b9df23c97?s=96&d=mm&r=g\",\"caption\":\"TheKing\"},\"url\":\"https:\\\/\\\/kuninkaantie.fi\\\/zh\\\/author\\\/theking\\\/\"}]}<\/script>\n<!-- \/ Yoast SEO plugin. -->","yoast_head_json":{"title":"Tervetuloa Maalismarkkinoille 26.-27.3. klo 10-16 Fiskarsin ruukkiin! - \u56fd\u738b\u4e4b\u8def","robots":{"index":"index","follow":"follow","max-snippet":"max-snippet:-1","max-image-preview":"max-image-preview:large","max-video-preview":"max-video-preview:-1"},"canonical":"https:\/\/kuninkaantie.fi\/tervetuloa-maalismarkkinoille-26-27-3-klo-10-16-fiskarsin-ruukkiin\/","og_locale":"zh_CN","og_type":"article","og_title":"Tervetuloa Maalismarkkinoille 26.-27.3. klo 10-16 Fiskarsin ruukkiin! - \u56fd\u738b\u4e4b\u8def","og_url":"https:\/\/kuninkaantie.fi\/tervetuloa-maalismarkkinoille-26-27-3-klo-10-16-fiskarsin-ruukkiin\/","og_site_name":"\u56fd\u738b\u4e4b\u8def","article_published_time":"2022-03-15T07:31:25+00:00","article_modified_time":"2022-03-15T07:34:48+00:00","og_image":[{"width":2048,"height":1638,"url":"https:\/\/kuninkaantie.fi\/wp-content\/uploads\/2021\/09\/3K0A8759.jpg","type":"image\/jpeg"}],"author":"TheKing","twitter_card":"summary_large_image","twitter_misc":{"\u4f5c\u8005":"TheKing","\u9884\u8ba1\u9605\u8bfb\u65f6\u95f4":"3 \u5206"},"schema":{"@context":"https:\/\/schema.org","@graph":[{"@type":"Article","@id":"https:\/\/kuninkaantie.fi\/tervetuloa-maalismarkkinoille-26-27-3-klo-10-16-fiskarsin-ruukkiin\/#article","isPartOf":{"@id":"https:\/\/kuninkaantie.fi\/tervetuloa-maalismarkkinoille-26-27-3-klo-10-16-fiskarsin-ruukkiin\/"},"author":{"name":"TheKing","@id":"https:\/\/kuninkaantie.fi\/#\/schema\/person\/243cae00159e5d12676c67c0c2906af3"},"headline":"Tervetuloa Maalismarkkinoille 26.-27.3. klo 10-16 Fiskarsin ruukkiin!","datePublished":"2022-03-15T07:31:25+00:00","dateModified":"2022-03-15T07:34:48+00:00","mainEntityOfPage":{"@id":"https:\/\/kuninkaantie.fi\/tervetuloa-maalismarkkinoille-26-27-3-klo-10-16-fiskarsin-ruukkiin\/"},"wordCount":622,"commentCount":0,"image":{"@id":"https:\/\/kuninkaantie.fi\/tervetuloa-maalismarkkinoille-26-27-3-klo-10-16-fiskarsin-ruukkiin\/#primaryimage"},"thumbnailUrl":"https:\/\/i0.wp.com\/kuninkaantie.fi\/wp-content\/uploads\/2021\/09\/3K0A8759.jpg?fit=2048%2C1638&ssl=1","articleSection":["ajankohtaista","tapahtuma"],"inLanguage":"zh-Hans","potentialAction":[{"@type":"CommentAction","name":"Comment","target":["https:\/\/kuninkaantie.fi\/tervetuloa-maalismarkkinoille-26-27-3-klo-10-16-fiskarsin-ruukkiin\/#respond"]}]},{"@type":"WebPage","@id":"https:\/\/kuninkaantie.fi\/tervetuloa-maalismarkkinoille-26-27-3-klo-10-16-fiskarsin-ruukkiin\/","url":"https:\/\/kuninkaantie.fi\/tervetuloa-maalismarkkinoille-26-27-3-klo-10-16-fiskarsin-ruukkiin\/","name":"Tervetuloa Maalismarkkinoille 26.-27.3. klo 10-16 Fiskarsin ruukkiin! - \u56fd\u738b\u4e4b\u8def","isPartOf":{"@id":"https:\/\/kuninkaantie.fi\/#website"},"primaryImageOfPage":{"@id":"https:\/\/kuninkaantie.fi\/tervetuloa-maalismarkkinoille-26-27-3-klo-10-16-fiskarsin-ruukkiin\/#primaryimage"},"image":{"@id":"https:\/\/kuninkaantie.fi\/tervetuloa-maalismarkkinoille-26-27-3-klo-10-16-fiskarsin-ruukkiin\/#primaryimage"},"thumbnailUrl":"https:\/\/i0.wp.com\/kuninkaantie.fi\/wp-content\/uploads\/2021\/09\/3K0A8759.jpg?fit=2048%2C1638&ssl=1","datePublished":"2022-03-15T07:31:25+00:00","dateModified":"2022-03-15T07:34:48+00:00","author":{"@id":"https:\/\/kuninkaantie.fi\/#\/schema\/person\/243cae00159e5d12676c67c0c2906af3"},"breadcrumb":{"@id":"https:\/\/kuninkaantie.fi\/tervetuloa-maalismarkkinoille-26-27-3-klo-10-16-fiskarsin-ruukkiin\/#breadcrumb"},"inLanguage":"zh-Hans","potentialAction":[{"@type":"ReadAction","target":["https:\/\/kuninkaantie.fi\/tervetuloa-maalismarkkinoille-26-27-3-klo-10-16-fiskarsin-ruukkiin\/"]}]},{"@type":"ImageObject","inLanguage":"zh-Hans","@id":"https:\/\/kuninkaantie.fi\/tervetuloa-maalismarkkinoille-26-27-3-klo-10-16-fiskarsin-ruukkiin\/#primaryimage","url":"https:\/\/i0.wp.com\/kuninkaantie.fi\/wp-content\/uploads\/2021\/09\/3K0A8759.jpg?fit=2048%2C1638&ssl=1","contentUrl":"https:\/\/i0.wp.com\/kuninkaantie.fi\/wp-content\/uploads\/2021\/09\/3K0A8759.jpg?fit=2048%2C1638&ssl=1","width":2048,"height":1638},{"@type":"BreadcrumbList","@id":"https:\/\/kuninkaantie.fi\/tervetuloa-maalismarkkinoille-26-27-3-klo-10-16-fiskarsin-ruukkiin\/#breadcrumb","itemListElement":[{"@type":"ListItem","position":1,"name":"Home","item":"https:\/\/kuninkaantie.fi\/"},{"@type":"ListItem","position":2,"name":"Tervetuloa Maalismarkkinoille 26.-27.3. klo 10-16 Fiskarsin ruukkiin!"}]},{"@type":"WebSite","@id":"https:\/\/kuninkaantie.fi\/#website","url":"https:\/\/kuninkaantie.fi\/","name":"\u56fd\u738b\u4e4b\u8def","description":"\u53e4\u8001\u7684\u5317\u6b27\u5b98\u9053","potentialAction":[{"@type":"SearchAction","target":{"@type":"EntryPoint","urlTemplate":"https:\/\/kuninkaantie.fi\/?s={search_term_string}"},"query-input":{"@type":"PropertyValueSpecification","valueRequired":true,"valueName":"search_term_string"}}],"inLanguage":"zh-Hans"},{"@type":"Person","@id":"https:\/\/kuninkaantie.fi\/#\/schema\/person\/243cae00159e5d12676c67c0c2906af3","name":"TheKing","image":{"@type":"ImageObject","inLanguage":"zh-Hans","@id":"https:\/\/secure.gravatar.com\/avatar\/cfd18ebca8546aad2f77bff84664c383d2b9b6d99c1672e9111a184b9df23c97?s=96&d=mm&r=g","url":"https:\/\/secure.gravatar.com\/avatar\/cfd18ebca8546aad2f77bff84664c383d2b9b6d99c1672e9111a184b9df23c97?s=96&d=mm&r=g","contentUrl":"https:\/\/secure.gravatar.com\/avatar\/cfd18ebca8546aad2f77bff84664c383d2b9b6d99c1672e9111a184b9df23c97?s=96&d=mm&r=g","caption":"TheKing"},"url":"https:\/\/kuninkaantie.fi\/zh\/author\/theking\/"}]}},"jetpack_featured_media_url":"https:\/\/i0.wp.com\/kuninkaantie.fi\/wp-content\/uploads\/2021\/09\/3K0A8759.jpg?fit=2048%2C1638&ssl=1","jetpack_sharing_enabled":true,"jetpack_shortlink":"https:\/\/wp.me\/p92YTG-dU","jetpack-related-posts":[{"id":312,"url":"https:\/\/kuninkaantie.fi\/zh\/tervetuloa-syvalle-maan-uumeniin\/","url_meta":{"origin":862,"position":0},"title":"Tervetuloa syv\u00e4lle maan uumeniin","author":"TheKing","date":"09\/05\/2018","format":false,"excerpt":"{:fi} El\u00e4myksien kaivos Tytyrin El\u00e4myskaivos Lohja\u2026","rel":"","context":"\u5728\u201cHistory\u201d\u4e2d","block_context":{"text":"History","link":"https:\/\/kuninkaantie.fi\/zh\/category\/historia\/"},"img":{"alt_text":"","src":"https:\/\/i0.wp.com\/kuninkaantie.fi\/wp-content\/uploads\/2018\/05\/tytyri-1024x725.jpg?resize=350%2C200&ssl=1","width":350,"height":200,"srcset":"https:\/\/i0.wp.com\/kuninkaantie.fi\/wp-content\/uploads\/2018\/05\/tytyri-1024x725.jpg?resize=350%2C200&ssl=1 1x, https:\/\/i0.wp.com\/kuninkaantie.fi\/wp-content\/uploads\/2018\/05\/tytyri-1024x725.jpg?resize=525%2C300&ssl=1 1.5x"},"classes":[]},{"id":969,"url":"https:\/\/kuninkaantie.fi\/zh\/rantarata-tama-on-tilanne-nyt\/","url_meta":{"origin":862,"position":1},"title":"Rantarata &#8211; t\u00e4m\u00e4 on tilanne nyt","author":"TheKing","date":"05\/07\/2023","format":false,"excerpt":"Rantaradan nykytila Rantarata, joka kulkee Helsing\u2026","rel":"","context":"\u5728\u201cajankohtaista\u201d\u4e2d","block_context":{"text":"ajankohtaista","link":"https:\/\/kuninkaantie.fi\/zh\/category\/ajankohtaista\/"},"img":{"alt_text":"parhaat-kuninnkaantie-kohteet","src":"https:\/\/i0.wp.com\/kuninkaantie.fi\/wp-content\/uploads\/2023\/07\/VR_ICjuna_kuvaaja_RamiSalle.jpg?fit=1200%2C782&ssl=1&resize=350%2C200","width":350,"height":200,"srcset":"https:\/\/i0.wp.com\/kuninkaantie.fi\/wp-content\/uploads\/2023\/07\/VR_ICjuna_kuvaaja_RamiSalle.jpg?fit=1200%2C782&ssl=1&resize=350%2C200 1x, https:\/\/i0.wp.com\/kuninkaantie.fi\/wp-content\/uploads\/2023\/07\/VR_ICjuna_kuvaaja_RamiSalle.jpg?fit=1200%2C782&ssl=1&resize=525%2C300 1.5x, https:\/\/i0.wp.com\/kuninkaantie.fi\/wp-content\/uploads\/2023\/07\/VR_ICjuna_kuvaaja_RamiSalle.jpg?fit=1200%2C782&ssl=1&resize=700%2C400 2x, https:\/\/i0.wp.com\/kuninkaantie.fi\/wp-content\/uploads\/2023\/07\/VR_ICjuna_kuvaaja_RamiSalle.jpg?fit=1200%2C782&ssl=1&resize=1050%2C600 3x"},"classes":[]},{"id":451,"url":"https:\/\/kuninkaantie.fi\/zh\/villia-viihdetta-ja-kasarimeininkia\/","url_meta":{"origin":862,"position":2},"title":"Villi\u00e4 viihdett\u00e4 ja  kasarimeininki\u00e4","author":"TheKing","date":"05\/06\/2018","format":false,"excerpt":"{:fi} Mutapainin yst\u00e4v\u00e4t: Mutapainin yst\u00e4vi\u00e4 esite\u2026","rel":"","context":"\u5728\u201cajankohtaista\u201d\u4e2d","block_context":{"text":"ajankohtaista","link":"https:\/\/kuninkaantie.fi\/zh\/category\/ajankohtaista\/"},"img":{"alt_text":"","src":"https:\/\/i0.wp.com\/kuninkaantie.fi\/wp-content\/uploads\/2018\/06\/Mutapainin-yst%C3%A4v%C3%A4twww.jpg?fit=906%2C1200&ssl=1&resize=350%2C200","width":350,"height":200,"srcset":"https:\/\/i0.wp.com\/kuninkaantie.fi\/wp-content\/uploads\/2018\/06\/Mutapainin-yst%C3%A4v%C3%A4twww.jpg?fit=906%2C1200&ssl=1&resize=350%2C200 1x, https:\/\/i0.wp.com\/kuninkaantie.fi\/wp-content\/uploads\/2018\/06\/Mutapainin-yst%C3%A4v%C3%A4twww.jpg?fit=906%2C1200&ssl=1&resize=525%2C300 1.5x, https:\/\/i0.wp.com\/kuninkaantie.fi\/wp-content\/uploads\/2018\/06\/Mutapainin-yst%C3%A4v%C3%A4twww.jpg?fit=906%2C1200&ssl=1&resize=700%2C400 2x"},"classes":[]},{"id":663,"url":"https:\/\/kuninkaantie.fi\/zh\/suomi-ja-autoilu\/","url_meta":{"origin":862,"position":3},"title":"Suomi ja autoilu","author":"TheKing","date":"01\/09\/2019","format":false,"excerpt":"{:fi} Vaikka t\u00e4m\u00e4 sivu, jolla juuri olet ei ole au\u2026","rel":"","context":"\u5728\u201cajankohtaista\u201d\u4e2d","block_context":{"text":"ajankohtaista","link":"https:\/\/kuninkaantie.fi\/zh\/category\/ajankohtaista\/"},"img":{"alt_text":"","src":"https:\/\/i0.wp.com\/kuninkaantie.fi\/wp-content\/uploads\/2019\/09\/autoilukuvaa.jpg?fit=1200%2C815&ssl=1&resize=350%2C200","width":350,"height":200,"srcset":"https:\/\/i0.wp.com\/kuninkaantie.fi\/wp-content\/uploads\/2019\/09\/autoilukuvaa.jpg?fit=1200%2C815&ssl=1&resize=350%2C200 1x, https:\/\/i0.wp.com\/kuninkaantie.fi\/wp-content\/uploads\/2019\/09\/autoilukuvaa.jpg?fit=1200%2C815&ssl=1&resize=525%2C300 1.5x, https:\/\/i0.wp.com\/kuninkaantie.fi\/wp-content\/uploads\/2019\/09\/autoilukuvaa.jpg?fit=1200%2C815&ssl=1&resize=700%2C400 2x, https:\/\/i0.wp.com\/kuninkaantie.fi\/wp-content\/uploads\/2019\/09\/autoilukuvaa.jpg?fit=1200%2C815&ssl=1&resize=1050%2C600 3x"},"classes":[]},{"id":983,"url":"https:\/\/kuninkaantie.fi\/zh\/kylttien-ja-opasteiden-merkitys-liiketilan-mainonnassa\/","url_meta":{"origin":862,"position":4},"title":"Kylttien ja opasteiden merkitys liiketilan mainonnassa","author":"TheKing","date":"21\/09\/2023","format":false,"excerpt":"Kyltit ja opasteet ovat t\u00e4rke\u00e4 osa yrityksen ulkoi\u2026","rel":"","context":"\u7c7b\u4f3c\u6587\u7ae0","block_context":{"text":"\u7c7b\u4f3c\u6587\u7ae0","link":""},"img":{"alt_text":"","src":"","width":0,"height":0},"classes":[]},{"id":980,"url":"https:\/\/kuninkaantie.fi\/zh\/yrityksen-ulkoinen-markkinointi-opasteet-ja-kyltit-kuntoon\/","url_meta":{"origin":862,"position":5},"title":"Yrityksen ulkoinen markkinointi &#8211; opasteet ja kyltit kuntoon","author":"TheKing","date":"04\/08\/2023","format":false,"excerpt":"Kyltit ja opasteet ovat eritt\u00e4in t\u00e4rkeit\u00e4 yritykse\u2026","rel":"","context":"\u5728\u201cajankohtaista\u201d\u4e2d","block_context":{"text":"ajankohtaista","link":"https:\/\/kuninkaantie.fi\/zh\/category\/ajankohtaista\/"},"img":{"alt_text":"","src":"https:\/\/i0.wp.com\/kuninkaantie.fi\/wp-content\/uploads\/2023\/08\/pyhajarvenhelmi_kyltti.jpg?fit=700%2C525&ssl=1&resize=350%2C200","width":350,"height":200,"srcset":"https:\/\/i0.wp.com\/kuninkaantie.fi\/wp-content\/uploads\/2023\/08\/pyhajarvenhelmi_kyltti.jpg?fit=700%2C525&ssl=1&resize=350%2C200 1x, https:\/\/i0.wp.com\/kuninkaantie.fi\/wp-content\/uploads\/2023\/08\/pyhajarvenhelmi_kyltti.jpg?fit=700%2C525&ssl=1&resize=525%2C300 1.5x, https:\/\/i0.wp.com\/kuninkaantie.fi\/wp-content\/uploads\/2023\/08\/pyhajarvenhelmi_kyltti.jpg?fit=700%2C525&ssl=1&resize=700%2C400 2x"},"classes":[]}],"_links":{"self":[{"href":"https:\/\/kuninkaantie.fi\/zh\/wp-json\/wp\/v2\/posts\/862","targetHints":{"allow":["GET"]}}],"collection":[{"href":"https:\/\/kuninkaantie.fi\/zh\/wp-json\/wp\/v2\/posts"}],"about":[{"href":"https:\/\/kuninkaantie.fi\/zh\/wp-json\/wp\/v2\/types\/post"}],"author":[{"embeddable":true,"href":"https:\/\/kuninkaantie.fi\/zh\/wp-json\/wp\/v2\/users\/2"}],"replies":[{"embeddable":true,"href":"https:\/\/kuninkaantie.fi\/zh\/wp-json\/wp\/v2\/comments?post=862"}],"version-history":[{"count":2,"href":"https:\/\/kuninkaantie.fi\/zh\/wp-json\/wp\/v2\/posts\/862\/revisions"}],"predecessor-version":[{"id":864,"href":"https:\/\/kuninkaantie.fi\/zh\/wp-json\/wp\/v2\/posts\/862\/revisions\/864"}],"wp:featuredmedia":[{"embeddable":true,"href":"https:\/\/kuninkaantie.fi\/zh\/wp-json\/wp\/v2\/media\/835"}],"wp:attachment":[{"href":"https:\/\/kuninkaantie.fi\/zh\/wp-json\/wp\/v2\/media?parent=862"}],"wp:term":[{"taxonomy":"category","embeddable":true,"href":"https:\/\/kuninkaantie.fi\/zh\/wp-json\/wp\/v2\/categories?post=862"},{"taxonomy":"post_tag","embeddable":true,"href":"https:\/\/kuninkaantie.fi\/zh\/wp-json\/wp\/v2\/tags?post=862"}],"curies":[{"name":"wp","href":"https:\/\/api.w.org\/{rel}","templated":true}]}}