{"id":324,"date":"2018-05-17T19:43:19","date_gmt":"2018-05-17T16:43:19","guid":{"rendered":"https:\/\/kuninkaantie.fi\/?p=324"},"modified":"2018-05-17T19:47:03","modified_gmt":"2018-05-17T16:47:03","slug":"mustion-linna-kutsuu-vieraakseen-lapi-vuoden","status":"publish","type":"post","link":"https:\/\/kuninkaantie.fi\/zh\/mustion-linna-kutsuu-vieraakseen-lapi-vuoden\/","title":{"rendered":"Mustion Linna kutsuu vieraakseen l\u00e4pi vuoden"},"content":{"rendered":"","protected":false},"excerpt":{"rendered":"","protected":false},"author":2,"featured_media":325,"comment_status":"open","ping_status":"closed","sticky":false,"template":"","format":"standard","meta":{"jetpack_post_was_ever_published":false,"_jetpack_newsletter_access":"","_jetpack_dont_email_post_to_subs":false,"_jetpack_newsletter_tier_id":0,"_jetpack_memberships_contains_paywalled_content":false,"_jetpack_memberships_contains_paid_content":false,"footnotes":""},"categories":[30,55],"tags":[70,71,72,68,67,69],"class_list":["post-324","post","type-post","status-publish","format-standard","has-post-thumbnail","hentry","category-historia","category-uutinen","tag-juhlat","tag-kokoukset","tag-kokous","tag-mustio","tag-mustion-linna","tag-ravintola"],"translation":{"provider":"WPGlobus","version":"3.0.2","language":"zh","enabled_languages":["en","fi","zh"],"languages":{"en":{"title":true,"content":false,"excerpt":false},"fi":{"title":true,"content":true,"excerpt":false},"zh":{"title":false,"content":false,"excerpt":false}}},"yoast_head":"<!-- This site is optimized with the Yoast SEO plugin v27.3 - https:\/\/yoast.com\/product\/yoast-seo-wordpress\/ -->\n<title>- \u56fd\u738b\u4e4b\u8def<\/title>\n<meta name=\"robots\" content=\"index, follow, max-snippet:-1, max-image-preview:large, max-video-preview:-1\" \/>\n<link rel=\"canonical\" href=\"https:\/\/kuninkaantie.fi\/mustion-linna-kutsuu-vieraakseen-lapi-vuoden\/\" \/>\n<meta property=\"og:locale\" content=\"zh_CN\" \/>\n<meta property=\"og:type\" content=\"article\" \/>\n<meta property=\"og:title\" content=\"- \u56fd\u738b\u4e4b\u8def\" \/>\n<meta property=\"og:url\" content=\"https:\/\/kuninkaantie.fi\/mustion-linna-kutsuu-vieraakseen-lapi-vuoden\/\" \/>\n<meta property=\"og:site_name\" content=\"\u56fd\u738b\u4e4b\u8def\" \/>\n<meta property=\"article:published_time\" content=\"2018-05-17T16:43:19+00:00\" \/>\n<meta property=\"article:modified_time\" content=\"2018-05-17T16:47:03+00:00\" \/>\n<meta property=\"og:image\" content=\"https:\/\/kuninkaantie.fi\/wp-content\/uploads\/2018\/05\/mustionlinna.jpg\" \/>\n\t<meta property=\"og:image:width\" content=\"1600\" \/>\n\t<meta property=\"og:image:height\" content=\"829\" \/>\n\t<meta property=\"og:image:type\" content=\"image\/jpeg\" \/>\n<meta name=\"author\" content=\"TheKing\" \/>\n<meta name=\"twitter:card\" content=\"summary_large_image\" \/>\n<meta name=\"twitter:label1\" content=\"\u4f5c\u8005\" \/>\n\t<meta name=\"twitter:data1\" content=\"TheKing\" \/>\n\t<meta name=\"twitter:label2\" content=\"\u9884\u8ba1\u9605\u8bfb\u65f6\u95f4\" \/>\n\t<meta name=\"twitter:data2\" content=\"4 \u5206\" \/>\n<script type=\"application\/ld+json\" class=\"yoast-schema-graph\">{\"@context\":\"https:\\\/\\\/schema.org\",\"@graph\":[{\"@type\":\"Article\",\"@id\":\"https:\\\/\\\/kuninkaantie.fi\\\/mustion-linna-kutsuu-vieraakseen-lapi-vuoden\\\/#article\",\"isPartOf\":{\"@id\":\"https:\\\/\\\/kuninkaantie.fi\\\/mustion-linna-kutsuu-vieraakseen-lapi-vuoden\\\/\"},\"author\":{\"name\":\"TheKing\",\"@id\":\"https:\\\/\\\/kuninkaantie.fi\\\/#\\\/schema\\\/person\\\/243cae00159e5d12676c67c0c2906af3\"},\"headline\":\"Mustion Linna kutsuu vieraakseen l\u00e4pi vuoden\",\"datePublished\":\"2018-05-17T16:43:19+00:00\",\"dateModified\":\"2018-05-17T16:47:03+00:00\",\"mainEntityOfPage\":{\"@id\":\"https:\\\/\\\/kuninkaantie.fi\\\/mustion-linna-kutsuu-vieraakseen-lapi-vuoden\\\/\"},\"wordCount\":763,\"commentCount\":0,\"image\":{\"@id\":\"https:\\\/\\\/kuninkaantie.fi\\\/mustion-linna-kutsuu-vieraakseen-lapi-vuoden\\\/#primaryimage\"},\"thumbnailUrl\":\"https:\\\/\\\/i0.wp.com\\\/kuninkaantie.fi\\\/wp-content\\\/uploads\\\/2018\\\/05\\\/mustionlinna.jpg?fit=1600%2C829&ssl=1\",\"keywords\":[\"juhlat\",\"kokoukset\",\"kokous\",\"mustio\",\"mustion linna\",\"ravintola\"],\"articleSection\":[\"History\",\"news\"],\"inLanguage\":\"zh-Hans\",\"potentialAction\":[{\"@type\":\"CommentAction\",\"name\":\"Comment\",\"target\":[\"https:\\\/\\\/kuninkaantie.fi\\\/mustion-linna-kutsuu-vieraakseen-lapi-vuoden\\\/#respond\"]}]},{\"@type\":\"WebPage\",\"@id\":\"https:\\\/\\\/kuninkaantie.fi\\\/mustion-linna-kutsuu-vieraakseen-lapi-vuoden\\\/\",\"url\":\"https:\\\/\\\/kuninkaantie.fi\\\/mustion-linna-kutsuu-vieraakseen-lapi-vuoden\\\/\",\"name\":\"- \u56fd\u738b\u4e4b\u8def\",\"isPartOf\":{\"@id\":\"https:\\\/\\\/kuninkaantie.fi\\\/#website\"},\"primaryImageOfPage\":{\"@id\":\"https:\\\/\\\/kuninkaantie.fi\\\/mustion-linna-kutsuu-vieraakseen-lapi-vuoden\\\/#primaryimage\"},\"image\":{\"@id\":\"https:\\\/\\\/kuninkaantie.fi\\\/mustion-linna-kutsuu-vieraakseen-lapi-vuoden\\\/#primaryimage\"},\"thumbnailUrl\":\"https:\\\/\\\/i0.wp.com\\\/kuninkaantie.fi\\\/wp-content\\\/uploads\\\/2018\\\/05\\\/mustionlinna.jpg?fit=1600%2C829&ssl=1\",\"datePublished\":\"2018-05-17T16:43:19+00:00\",\"dateModified\":\"2018-05-17T16:47:03+00:00\",\"author\":{\"@id\":\"https:\\\/\\\/kuninkaantie.fi\\\/#\\\/schema\\\/person\\\/243cae00159e5d12676c67c0c2906af3\"},\"breadcrumb\":{\"@id\":\"https:\\\/\\\/kuninkaantie.fi\\\/mustion-linna-kutsuu-vieraakseen-lapi-vuoden\\\/#breadcrumb\"},\"inLanguage\":\"zh-Hans\",\"potentialAction\":[{\"@type\":\"ReadAction\",\"target\":[\"https:\\\/\\\/kuninkaantie.fi\\\/mustion-linna-kutsuu-vieraakseen-lapi-vuoden\\\/\"]}]},{\"@type\":\"ImageObject\",\"inLanguage\":\"zh-Hans\",\"@id\":\"https:\\\/\\\/kuninkaantie.fi\\\/mustion-linna-kutsuu-vieraakseen-lapi-vuoden\\\/#primaryimage\",\"url\":\"https:\\\/\\\/i0.wp.com\\\/kuninkaantie.fi\\\/wp-content\\\/uploads\\\/2018\\\/05\\\/mustionlinna.jpg?fit=1600%2C829&ssl=1\",\"contentUrl\":\"https:\\\/\\\/i0.wp.com\\\/kuninkaantie.fi\\\/wp-content\\\/uploads\\\/2018\\\/05\\\/mustionlinna.jpg?fit=1600%2C829&ssl=1\",\"width\":1600,\"height\":829},{\"@type\":\"BreadcrumbList\",\"@id\":\"https:\\\/\\\/kuninkaantie.fi\\\/mustion-linna-kutsuu-vieraakseen-lapi-vuoden\\\/#breadcrumb\",\"itemListElement\":[{\"@type\":\"ListItem\",\"position\":1,\"name\":\"Home\",\"item\":\"https:\\\/\\\/kuninkaantie.fi\\\/\"},{\"@type\":\"ListItem\",\"position\":2,\"name\":\"Mustion Linna kutsuu vieraakseen l\u00e4pi vuoden\"}]},{\"@type\":\"WebSite\",\"@id\":\"https:\\\/\\\/kuninkaantie.fi\\\/#website\",\"url\":\"https:\\\/\\\/kuninkaantie.fi\\\/\",\"name\":\"\u56fd\u738b\u4e4b\u8def\",\"description\":\"\u53e4\u8001\u7684\u5317\u6b27\u5b98\u9053\",\"potentialAction\":[{\"@type\":\"SearchAction\",\"target\":{\"@type\":\"EntryPoint\",\"urlTemplate\":\"https:\\\/\\\/kuninkaantie.fi\\\/?s={search_term_string}\"},\"query-input\":{\"@type\":\"PropertyValueSpecification\",\"valueRequired\":true,\"valueName\":\"search_term_string\"}}],\"inLanguage\":\"zh-Hans\"},{\"@type\":\"Person\",\"@id\":\"https:\\\/\\\/kuninkaantie.fi\\\/#\\\/schema\\\/person\\\/243cae00159e5d12676c67c0c2906af3\",\"name\":\"TheKing\",\"image\":{\"@type\":\"ImageObject\",\"inLanguage\":\"zh-Hans\",\"@id\":\"https:\\\/\\\/secure.gravatar.com\\\/avatar\\\/cfd18ebca8546aad2f77bff84664c383d2b9b6d99c1672e9111a184b9df23c97?s=96&d=mm&r=g\",\"url\":\"https:\\\/\\\/secure.gravatar.com\\\/avatar\\\/cfd18ebca8546aad2f77bff84664c383d2b9b6d99c1672e9111a184b9df23c97?s=96&d=mm&r=g\",\"contentUrl\":\"https:\\\/\\\/secure.gravatar.com\\\/avatar\\\/cfd18ebca8546aad2f77bff84664c383d2b9b6d99c1672e9111a184b9df23c97?s=96&d=mm&r=g\",\"caption\":\"TheKing\"},\"url\":\"https:\\\/\\\/kuninkaantie.fi\\\/zh\\\/author\\\/theking\\\/\"}]}<\/script>\n<!-- \/ Yoast SEO plugin. -->","yoast_head_json":{"title":"- \u56fd\u738b\u4e4b\u8def","robots":{"index":"index","follow":"follow","max-snippet":"max-snippet:-1","max-image-preview":"max-image-preview:large","max-video-preview":"max-video-preview:-1"},"canonical":"https:\/\/kuninkaantie.fi\/mustion-linna-kutsuu-vieraakseen-lapi-vuoden\/","og_locale":"zh_CN","og_type":"article","og_title":"- \u56fd\u738b\u4e4b\u8def","og_url":"https:\/\/kuninkaantie.fi\/mustion-linna-kutsuu-vieraakseen-lapi-vuoden\/","og_site_name":"\u56fd\u738b\u4e4b\u8def","article_published_time":"2018-05-17T16:43:19+00:00","article_modified_time":"2018-05-17T16:47:03+00:00","og_image":[{"width":1600,"height":829,"url":"https:\/\/kuninkaantie.fi\/wp-content\/uploads\/2018\/05\/mustionlinna.jpg","type":"image\/jpeg"}],"author":"TheKing","twitter_card":"summary_large_image","twitter_misc":{"\u4f5c\u8005":"TheKing","\u9884\u8ba1\u9605\u8bfb\u65f6\u95f4":"4 \u5206"},"schema":{"@context":"https:\/\/schema.org","@graph":[{"@type":"Article","@id":"https:\/\/kuninkaantie.fi\/mustion-linna-kutsuu-vieraakseen-lapi-vuoden\/#article","isPartOf":{"@id":"https:\/\/kuninkaantie.fi\/mustion-linna-kutsuu-vieraakseen-lapi-vuoden\/"},"author":{"name":"TheKing","@id":"https:\/\/kuninkaantie.fi\/#\/schema\/person\/243cae00159e5d12676c67c0c2906af3"},"headline":"Mustion Linna kutsuu vieraakseen l\u00e4pi vuoden","datePublished":"2018-05-17T16:43:19+00:00","dateModified":"2018-05-17T16:47:03+00:00","mainEntityOfPage":{"@id":"https:\/\/kuninkaantie.fi\/mustion-linna-kutsuu-vieraakseen-lapi-vuoden\/"},"wordCount":763,"commentCount":0,"image":{"@id":"https:\/\/kuninkaantie.fi\/mustion-linna-kutsuu-vieraakseen-lapi-vuoden\/#primaryimage"},"thumbnailUrl":"https:\/\/i0.wp.com\/kuninkaantie.fi\/wp-content\/uploads\/2018\/05\/mustionlinna.jpg?fit=1600%2C829&ssl=1","keywords":["juhlat","kokoukset","kokous","mustio","mustion linna","ravintola"],"articleSection":["History","news"],"inLanguage":"zh-Hans","potentialAction":[{"@type":"CommentAction","name":"Comment","target":["https:\/\/kuninkaantie.fi\/mustion-linna-kutsuu-vieraakseen-lapi-vuoden\/#respond"]}]},{"@type":"WebPage","@id":"https:\/\/kuninkaantie.fi\/mustion-linna-kutsuu-vieraakseen-lapi-vuoden\/","url":"https:\/\/kuninkaantie.fi\/mustion-linna-kutsuu-vieraakseen-lapi-vuoden\/","name":"- \u56fd\u738b\u4e4b\u8def","isPartOf":{"@id":"https:\/\/kuninkaantie.fi\/#website"},"primaryImageOfPage":{"@id":"https:\/\/kuninkaantie.fi\/mustion-linna-kutsuu-vieraakseen-lapi-vuoden\/#primaryimage"},"image":{"@id":"https:\/\/kuninkaantie.fi\/mustion-linna-kutsuu-vieraakseen-lapi-vuoden\/#primaryimage"},"thumbnailUrl":"https:\/\/i0.wp.com\/kuninkaantie.fi\/wp-content\/uploads\/2018\/05\/mustionlinna.jpg?fit=1600%2C829&ssl=1","datePublished":"2018-05-17T16:43:19+00:00","dateModified":"2018-05-17T16:47:03+00:00","author":{"@id":"https:\/\/kuninkaantie.fi\/#\/schema\/person\/243cae00159e5d12676c67c0c2906af3"},"breadcrumb":{"@id":"https:\/\/kuninkaantie.fi\/mustion-linna-kutsuu-vieraakseen-lapi-vuoden\/#breadcrumb"},"inLanguage":"zh-Hans","potentialAction":[{"@type":"ReadAction","target":["https:\/\/kuninkaantie.fi\/mustion-linna-kutsuu-vieraakseen-lapi-vuoden\/"]}]},{"@type":"ImageObject","inLanguage":"zh-Hans","@id":"https:\/\/kuninkaantie.fi\/mustion-linna-kutsuu-vieraakseen-lapi-vuoden\/#primaryimage","url":"https:\/\/i0.wp.com\/kuninkaantie.fi\/wp-content\/uploads\/2018\/05\/mustionlinna.jpg?fit=1600%2C829&ssl=1","contentUrl":"https:\/\/i0.wp.com\/kuninkaantie.fi\/wp-content\/uploads\/2018\/05\/mustionlinna.jpg?fit=1600%2C829&ssl=1","width":1600,"height":829},{"@type":"BreadcrumbList","@id":"https:\/\/kuninkaantie.fi\/mustion-linna-kutsuu-vieraakseen-lapi-vuoden\/#breadcrumb","itemListElement":[{"@type":"ListItem","position":1,"name":"Home","item":"https:\/\/kuninkaantie.fi\/"},{"@type":"ListItem","position":2,"name":"Mustion Linna kutsuu vieraakseen l\u00e4pi vuoden"}]},{"@type":"WebSite","@id":"https:\/\/kuninkaantie.fi\/#website","url":"https:\/\/kuninkaantie.fi\/","name":"\u56fd\u738b\u4e4b\u8def","description":"\u53e4\u8001\u7684\u5317\u6b27\u5b98\u9053","potentialAction":[{"@type":"SearchAction","target":{"@type":"EntryPoint","urlTemplate":"https:\/\/kuninkaantie.fi\/?s={search_term_string}"},"query-input":{"@type":"PropertyValueSpecification","valueRequired":true,"valueName":"search_term_string"}}],"inLanguage":"zh-Hans"},{"@type":"Person","@id":"https:\/\/kuninkaantie.fi\/#\/schema\/person\/243cae00159e5d12676c67c0c2906af3","name":"TheKing","image":{"@type":"ImageObject","inLanguage":"zh-Hans","@id":"https:\/\/secure.gravatar.com\/avatar\/cfd18ebca8546aad2f77bff84664c383d2b9b6d99c1672e9111a184b9df23c97?s=96&d=mm&r=g","url":"https:\/\/secure.gravatar.com\/avatar\/cfd18ebca8546aad2f77bff84664c383d2b9b6d99c1672e9111a184b9df23c97?s=96&d=mm&r=g","contentUrl":"https:\/\/secure.gravatar.com\/avatar\/cfd18ebca8546aad2f77bff84664c383d2b9b6d99c1672e9111a184b9df23c97?s=96&d=mm&r=g","caption":"TheKing"},"url":"https:\/\/kuninkaantie.fi\/zh\/author\/theking\/"}]}},"jetpack_featured_media_url":"https:\/\/i0.wp.com\/kuninkaantie.fi\/wp-content\/uploads\/2018\/05\/mustionlinna.jpg?fit=1600%2C829&ssl=1","jetpack_sharing_enabled":true,"jetpack_shortlink":"https:\/\/wp.me\/p92YTG-5e","jetpack-related-posts":[{"id":958,"url":"https:\/\/kuninkaantie.fi\/zh\/teatteri-provinssi-jatkaa-mustion-linnan-kesateatterin-tuottajana-seuraavatkin-viisi-vuotta\/","url_meta":{"origin":324,"position":0},"title":"Teatteri PROvinssi jatkaa Mustion Linnan kes\u00e4teatterin tuottajana seuraavatkin viisi vuotta","author":"TheKing","date":"20\/06\/2023","format":false,"excerpt":"T\u00e4n\u00e4 vuonna farssikomedian p\u00e4\u00e4roolissa n\u00e4hd\u00e4\u00e4n Sev\u2026","rel":"","context":"\u5728\u201cajankohtaista\u201d\u4e2d","block_context":{"text":"ajankohtaista","link":"https:\/\/kuninkaantie.fi\/zh\/category\/ajankohtaista\/"},"img":{"alt_text":"","src":"https:\/\/i0.wp.com\/kuninkaantie.fi\/wp-content\/uploads\/2023\/06\/teatteri-provinssi-klesa-2023.jpg?fit=840%2C1200&ssl=1&resize=350%2C200","width":350,"height":200,"srcset":"https:\/\/i0.wp.com\/kuninkaantie.fi\/wp-content\/uploads\/2023\/06\/teatteri-provinssi-klesa-2023.jpg?fit=840%2C1200&ssl=1&resize=350%2C200 1x, https:\/\/i0.wp.com\/kuninkaantie.fi\/wp-content\/uploads\/2023\/06\/teatteri-provinssi-klesa-2023.jpg?fit=840%2C1200&ssl=1&resize=525%2C300 1.5x, https:\/\/i0.wp.com\/kuninkaantie.fi\/wp-content\/uploads\/2023\/06\/teatteri-provinssi-klesa-2023.jpg?fit=840%2C1200&ssl=1&resize=700%2C400 2x"},"classes":[]},{"id":274,"url":"https:\/\/kuninkaantie.fi\/zh\/lohjan-vuoden-matkailuyritys-on-alitalon-viinitila-ciderberg-oy\/","url_meta":{"origin":324,"position":1},"title":"Lohjan vuoden matkailuyritys on Alitalon viinitila, Ciderberg oy","author":"TheKing","date":"11\/03\/2018","format":false,"excerpt":"{:fi}VUODEN MATKAILUYRITYS ON ALITALON VIINITILA, \u2026","rel":"","context":"\u5728\u201cnews\u201d\u4e2d","block_context":{"text":"news","link":"https:\/\/kuninkaantie.fi\/zh\/category\/uutinen\/"},"img":{"alt_text":"","src":"","width":0,"height":0},"classes":[]},{"id":1186,"url":"https:\/\/kuninkaantie.fi\/zh\/kuninkaantie-sahkopyoralla-kesan-klassikkoreitti-uudellamaalla\/","url_meta":{"origin":324,"position":2},"title":"Kuninkaantie s\u00e4hk\u00f6py\u00f6r\u00e4ll\u00e4 \u2013 kes\u00e4n klassikkoreitti Uudellamaalla","author":"TheKing","date":"13\/04\/2026","format":false,"excerpt":"Uudenmaan kes\u00e4 tarjoaa monia vaihtoehtoja aktiivis\u2026","rel":"","context":"\u5728\u201cajankohtaista\u201d\u4e2d","block_context":{"text":"ajankohtaista","link":"https:\/\/kuninkaantie.fi\/zh\/category\/ajankohtaista\/"},"img":{"alt_text":"S\u00e4hk\u00f6py\u00f6r\u00e4 fatbike Vire Hulk","src":"https:\/\/i0.wp.com\/kuninkaantie.fi\/wp-content\/uploads\/2026\/04\/Sahkopyora-fatbike-Vire-Hulk.jpg?fit=1000%2C750&ssl=1&resize=350%2C200","width":350,"height":200,"srcset":"https:\/\/i0.wp.com\/kuninkaantie.fi\/wp-content\/uploads\/2026\/04\/Sahkopyora-fatbike-Vire-Hulk.jpg?fit=1000%2C750&ssl=1&resize=350%2C200 1x, https:\/\/i0.wp.com\/kuninkaantie.fi\/wp-content\/uploads\/2026\/04\/Sahkopyora-fatbike-Vire-Hulk.jpg?fit=1000%2C750&ssl=1&resize=525%2C300 1.5x, https:\/\/i0.wp.com\/kuninkaantie.fi\/wp-content\/uploads\/2026\/04\/Sahkopyora-fatbike-Vire-Hulk.jpg?fit=1000%2C750&ssl=1&resize=700%2C400 2x"},"classes":[]},{"id":582,"url":"https:\/\/kuninkaantie.fi\/zh\/lohja-spa\/","url_meta":{"origin":324,"position":3},"title":"Lohja Spa","author":"TheKing","date":"30\/03\/2019","format":false,"excerpt":"{:en} {:}{:fi} Kylpyl\u00e4hotelli P\u00e4iv\u00e4kumpu on k\u00e4ynyt\u2026","rel":"","context":"\u5728\u201cajankohtaista\u201d\u4e2d","block_context":{"text":"ajankohtaista","link":"https:\/\/kuninkaantie.fi\/zh\/category\/ajankohtaista\/"},"img":{"alt_text":"","src":"https:\/\/i0.wp.com\/kuninkaantie.fi\/wp-content\/uploads\/2019\/03\/Lohja-Spa-Resort-katos.jpg?fit=1200%2C757&ssl=1&resize=350%2C200","width":350,"height":200,"srcset":"https:\/\/i0.wp.com\/kuninkaantie.fi\/wp-content\/uploads\/2019\/03\/Lohja-Spa-Resort-katos.jpg?fit=1200%2C757&ssl=1&resize=350%2C200 1x, https:\/\/i0.wp.com\/kuninkaantie.fi\/wp-content\/uploads\/2019\/03\/Lohja-Spa-Resort-katos.jpg?fit=1200%2C757&ssl=1&resize=525%2C300 1.5x, https:\/\/i0.wp.com\/kuninkaantie.fi\/wp-content\/uploads\/2019\/03\/Lohja-Spa-Resort-katos.jpg?fit=1200%2C757&ssl=1&resize=700%2C400 2x, https:\/\/i0.wp.com\/kuninkaantie.fi\/wp-content\/uploads\/2019\/03\/Lohja-Spa-Resort-katos.jpg?fit=1200%2C757&ssl=1&resize=1050%2C600 3x"},"classes":[]},{"id":280,"url":"https:\/\/kuninkaantie.fi\/zh\/ulkomaisten-matkailijoiden-rahankaytto-kasvoi-yli-20-vuonna-2017\/","url_meta":{"origin":324,"position":4},"title":"Foreign tourists used 20% more money in Finland in 2017","author":"TheKing","date":"15\/03\/2018","format":false,"excerpt":"{:fi}Ulkomaiset matkailijat tekiv\u00e4t vuonna 2017 en\u2026","rel":"","context":"\u5728\u201cnews\u201d\u4e2d","block_context":{"text":"news","link":"https:\/\/kuninkaantie.fi\/zh\/category\/uutinen\/"},"img":{"alt_text":"","src":"","width":0,"height":0},"classes":[]},{"id":927,"url":"https:\/\/kuninkaantie.fi\/zh\/keskiaikamatkailu-suomessa\/","url_meta":{"origin":324,"position":5},"title":"Keskiaikamatkailu Suomessa","author":"TheKing","date":"08\/03\/2023","format":false,"excerpt":"Keskiaikamatkailu Suomessa voi tarjota matkailijoi\u2026","rel":"","context":"\u5728\u201cajankohtaista\u201d\u4e2d","block_context":{"text":"ajankohtaista","link":"https:\/\/kuninkaantie.fi\/zh\/category\/ajankohtaista\/"},"img":{"alt_text":"","src":"https:\/\/i0.wp.com\/kuninkaantie.fi\/wp-content\/uploads\/2018\/06\/turnajaisetwww.jpg?fit=1200%2C924&ssl=1&resize=350%2C200","width":350,"height":200,"srcset":"https:\/\/i0.wp.com\/kuninkaantie.fi\/wp-content\/uploads\/2018\/06\/turnajaisetwww.jpg?fit=1200%2C924&ssl=1&resize=350%2C200 1x, https:\/\/i0.wp.com\/kuninkaantie.fi\/wp-content\/uploads\/2018\/06\/turnajaisetwww.jpg?fit=1200%2C924&ssl=1&resize=525%2C300 1.5x, https:\/\/i0.wp.com\/kuninkaantie.fi\/wp-content\/uploads\/2018\/06\/turnajaisetwww.jpg?fit=1200%2C924&ssl=1&resize=700%2C400 2x, https:\/\/i0.wp.com\/kuninkaantie.fi\/wp-content\/uploads\/2018\/06\/turnajaisetwww.jpg?fit=1200%2C924&ssl=1&resize=1050%2C600 3x"},"classes":[]}],"_links":{"self":[{"href":"https:\/\/kuninkaantie.fi\/zh\/wp-json\/wp\/v2\/posts\/324","targetHints":{"allow":["GET"]}}],"collection":[{"href":"https:\/\/kuninkaantie.fi\/zh\/wp-json\/wp\/v2\/posts"}],"about":[{"href":"https:\/\/kuninkaantie.fi\/zh\/wp-json\/wp\/v2\/types\/post"}],"author":[{"embeddable":true,"href":"https:\/\/kuninkaantie.fi\/zh\/wp-json\/wp\/v2\/users\/2"}],"replies":[{"embeddable":true,"href":"https:\/\/kuninkaantie.fi\/zh\/wp-json\/wp\/v2\/comments?post=324"}],"version-history":[{"count":4,"href":"https:\/\/kuninkaantie.fi\/zh\/wp-json\/wp\/v2\/posts\/324\/revisions"}],"predecessor-version":[{"id":330,"href":"https:\/\/kuninkaantie.fi\/zh\/wp-json\/wp\/v2\/posts\/324\/revisions\/330"}],"wp:featuredmedia":[{"embeddable":true,"href":"https:\/\/kuninkaantie.fi\/zh\/wp-json\/wp\/v2\/media\/325"}],"wp:attachment":[{"href":"https:\/\/kuninkaantie.fi\/zh\/wp-json\/wp\/v2\/media?parent=324"}],"wp:term":[{"taxonomy":"category","embeddable":true,"href":"https:\/\/kuninkaantie.fi\/zh\/wp-json\/wp\/v2\/categories?post=324"},{"taxonomy":"post_tag","embeddable":true,"href":"https:\/\/kuninkaantie.fi\/zh\/wp-json\/wp\/v2\/tags?post=324"}],"curies":[{"name":"wp","href":"https:\/\/api.w.org\/{rel}","templated":true}]}}