{"id":500,"date":"2018-08-06T09:06:08","date_gmt":"2018-08-06T06:06:08","guid":{"rendered":"https:\/\/kuninkaantie.fi\/?p=500"},"modified":"2018-08-06T09:06:08","modified_gmt":"2018-08-06T06:06:08","slug":"lahde-kavelykadulle-11-8-26-8","status":"publish","type":"post","link":"https:\/\/kuninkaantie.fi\/fi\/lahde-kavelykadulle-11-8-26-8\/","title":{"rendered":"L\u00c4HDE K\u00c4VELYKADULLE 11.8. \u2013 26.8."},"content":{"rendered":"<p><img data-recalc-dims=\"1\" loading=\"lazy\" decoding=\"async\" data-attachment-id=\"501\" data-permalink=\"https:\/\/kuninkaantie.fi\/fi\/lahde-kavelykadulle-11-8-26-8\/kavelykatu_02072018\/#main\" data-orig-file=\"https:\/\/i0.wp.com\/kuninkaantie.fi\/wp-content\/uploads\/2018\/08\/kavelykatu_02072018.png?fit=4961%2C3508&amp;ssl=1\" data-orig-size=\"4961,3508\" data-comments-opened=\"1\" data-image-meta=\"{&quot;aperture&quot;:&quot;0&quot;,&quot;credit&quot;:&quot;&quot;,&quot;camera&quot;:&quot;&quot;,&quot;caption&quot;:&quot;&quot;,&quot;created_timestamp&quot;:&quot;0&quot;,&quot;copyright&quot;:&quot;&quot;,&quot;focal_length&quot;:&quot;0&quot;,&quot;iso&quot;:&quot;0&quot;,&quot;shutter_speed&quot;:&quot;0&quot;,&quot;title&quot;:&quot;&quot;,&quot;orientation&quot;:&quot;0&quot;}\" data-image-title=\"kavelykatu_02072018\" data-image-description=\"\" data-image-caption=\"\" data-large-file=\"https:\/\/i0.wp.com\/kuninkaantie.fi\/wp-content\/uploads\/2018\/08\/kavelykatu_02072018.png?fit=640%2C453&amp;ssl=1\" class=\"alignnone size-large wp-image-501\" src=\"https:\/\/i0.wp.com\/kuninkaantie.fi\/wp-content\/uploads\/2018\/08\/kavelykatu_02072018.png?resize=640%2C453&#038;ssl=1\" alt=\"\" width=\"640\" height=\"453\" srcset=\"https:\/\/i0.wp.com\/kuninkaantie.fi\/wp-content\/uploads\/2018\/08\/kavelykatu_02072018.png?resize=1024%2C724&amp;ssl=1 1024w, https:\/\/i0.wp.com\/kuninkaantie.fi\/wp-content\/uploads\/2018\/08\/kavelykatu_02072018.png?resize=300%2C212&amp;ssl=1 300w, https:\/\/i0.wp.com\/kuninkaantie.fi\/wp-content\/uploads\/2018\/08\/kavelykatu_02072018.png?resize=768%2C543&amp;ssl=1 768w, https:\/\/i0.wp.com\/kuninkaantie.fi\/wp-content\/uploads\/2018\/08\/kavelykatu_02072018.png?w=1280&amp;ssl=1 1280w, https:\/\/i0.wp.com\/kuninkaantie.fi\/wp-content\/uploads\/2018\/08\/kavelykatu_02072018.png?w=1920&amp;ssl=1 1920w\" sizes=\"auto, (max-width: 640px) 100vw, 640px\" \/><\/p>\n<h2>El\u00e4vyytt\u00e4 ja vilin\u00e4\u00e4 keskustaan<\/h2>\n<p>K\u00e4velykadun avaus tapahtuu 11.8. kello 13.00. Avajaisp\u00e4iv\u00e4n ohjelma on ty\u00f6n alla. Samana p\u00e4iv\u00e4n\u00e4 on my\u00f6s perinteinen Laurinp\u00e4iv\u00e4 omine ohjelmistoineen. Tapahtumien ilta on vuorossa 17.8. klo 16-20 ja tapahtumien y\u00f6 24.8. My\u00f6s Lohja Soi (6. \u2013 18.8.) sijoittuu k\u00e4velykatukokeilun aikaan.<\/p>\n<p>Parkkipaikalle, ns. vanhalle Shellin tontille tulee esiintymislava esityksi\u00e4 varten.<br \/>\nLavaa saa varata maksutta, joten esiintyj\u00e4t ottakaa rohkeasti yhteytt\u00e4.<\/p>\n<p>Mukaan k\u00e4velykadulle on saatu hienosti esiintyji\u00e4 ja puhujia, mm. Henry Manni on tulossa 17.8. tapahtumien iltaan. Luvassa ovat my\u00f6s mm. juontaja Tomi Tuomisen juonto sek\u00e4 Sari Niinikosken ja Juha Lembergin musiikkiesitys. K\u00e4velykatukokeilun aikana kadulla n\u00e4hd\u00e4\u00e4n mm. Hiiden Opiston, L\u00e4nsi-Uudenmaan musiikkiopiston ja Nuorisoty\u00f6paja Tuuman v\u00e4ke\u00e4. Kokeilun aikana ovat esill\u00e4 my\u00f6s Lohjan kaupungin tontit, asuntomessut sek\u00e4 Rekry. K\u00e4velykadulle on lupautunut mm. hyvinvointialan yhdistyksi\u00e4 sek\u00e4 liikuntaseuroja, kuten Harjun Kiekko, Lohjan Naisvoimistelijat ja Lohjan syd\u00e4n, sek\u00e4 MLL.<\/p>\n<h2>Sinusta toimija k\u00e4velykadulle? N\u00e4it\u00e4 etsimme!<\/h2>\n<p>Kadulle toivotaan katukeitti\u00f6it\u00e4, soppatykkej\u00e4, makkaranmyynti\u00e4, pop corn -piste ja j\u00e4\u00e4tel\u00f6myynti\u00e4. K\u00e4velykadulle tulee my\u00f6s pitk\u00e4hk\u00f6 p\u00f6yt\u00e4 penkkeineen mahdollisia yhteisruokailuja varten.<\/p>\n<p>K\u00e4velykadulla on ilmaiset paikat, joten t\u00e4ss\u00e4 on kauempanakin sijaitseville yrityksille hieno mahdollisuus saada n\u00e4kyvyytt\u00e4.<\/p>\n<p>Ota yhteytt\u00e4:<br \/>\nyhteysjohtaja Hanna-Maria Grandell, <a href=\"mailto:hanna-maria.grandell@lohja.fi\">hanna-maria.grandell@lohja.fi<\/a> tai puh. 044-357 3730<\/p>\n","protected":false},"excerpt":{"rendered":"<p>El\u00e4vyytt\u00e4 ja vilin\u00e4\u00e4 keskustaan K\u00e4velykadun avaus tapahtuu 11.8. kello 13.00. Avajaisp\u00e4iv\u00e4n ohjelma on ty\u00f6n alla. Samana p\u00e4iv\u00e4n\u00e4 on my\u00f6s perinteinen Laurinp\u00e4iv\u00e4 omine ohjelmistoineen. Tapahtumien ilta on vuorossa 17.8. klo 16-20 ja tapahtumien y\u00f6 24.8. My\u00f6s Lohja Soi (6. \u2013 18.8.) sijoittuu k\u00e4velykatukokeilun aikaan. Parkkipaikalle, ns. vanhalle Shellin tontille tulee esiintymislava esityksi\u00e4 varten. Lavaa saa varata [&hellip;]<\/p>\n","protected":false},"author":2,"featured_media":502,"comment_status":"open","ping_status":"closed","sticky":false,"template":"","format":"standard","meta":{"jetpack_post_was_ever_published":false,"_jetpack_newsletter_access":"","_jetpack_dont_email_post_to_subs":false,"_jetpack_newsletter_tier_id":0,"_jetpack_memberships_contains_paywalled_content":false,"_jetpack_memberships_contains_paid_content":false,"footnotes":""},"categories":[84,74],"tags":[123,57],"class_list":["post-500","post","type-post","status-publish","format-standard","has-post-thumbnail","hentry","category-ajankohtaista","category-tapahtuma","tag-kavelykatu","tag-lohja"],"translation":{"provider":"WPGlobus","version":"3.0.2","language":"fi","enabled_languages":["en","fi","zh"],"languages":{"en":{"title":true,"content":false,"excerpt":false},"fi":{"title":true,"content":true,"excerpt":false},"zh":{"title":false,"content":false,"excerpt":false}}},"yoast_head":"<!-- This site is optimized with the Yoast SEO plugin v27.3 - https:\/\/yoast.com\/product\/yoast-seo-wordpress\/ -->\n<title>L\u00c4HDE K\u00c4VELYKADULLE 11.8. \u2013 26.8. - Kuninkaantie<\/title>\n<meta name=\"robots\" content=\"index, follow, max-snippet:-1, max-image-preview:large, max-video-preview:-1\" \/>\n<link rel=\"canonical\" href=\"https:\/\/kuninkaantie.fi\/lahde-kavelykadulle-11-8-26-8\/\" \/>\n<meta property=\"og:locale\" content=\"fi_FI\" \/>\n<meta property=\"og:type\" content=\"article\" \/>\n<meta property=\"og:title\" content=\"L\u00c4HDE K\u00c4VELYKADULLE 11.8. \u2013 26.8. - Kuninkaantie\" \/>\n<meta property=\"og:url\" content=\"https:\/\/kuninkaantie.fi\/lahde-kavelykadulle-11-8-26-8\/\" \/>\n<meta property=\"og:site_name\" content=\"Kuninkaantie\" \/>\n<meta property=\"article:published_time\" content=\"2018-08-06T06:06:08+00:00\" \/>\n<meta property=\"og:image\" content=\"https:\/\/kuninkaantie.fi\/wp-content\/uploads\/2018\/08\/DSC_0058.png\" \/>\n\t<meta property=\"og:image:width\" content=\"600\" \/>\n\t<meta property=\"og:image:height\" content=\"402\" \/>\n\t<meta property=\"og:image:type\" content=\"image\/png\" \/>\n<meta name=\"author\" content=\"TheKing\" \/>\n<meta name=\"twitter:card\" content=\"summary_large_image\" \/>\n<meta name=\"twitter:label1\" content=\"Kirjoittanut\" \/>\n\t<meta name=\"twitter:data1\" content=\"TheKing\" \/>\n\t<meta name=\"twitter:label2\" content=\"Arvioitu lukuaika\" \/>\n\t<meta name=\"twitter:data2\" content=\"1 minuutti\" \/>\n<script type=\"application\/ld+json\" class=\"yoast-schema-graph\">{\"@context\":\"https:\\\/\\\/schema.org\",\"@graph\":[{\"@type\":\"Article\",\"@id\":\"https:\\\/\\\/kuninkaantie.fi\\\/lahde-kavelykadulle-11-8-26-8\\\/#article\",\"isPartOf\":{\"@id\":\"https:\\\/\\\/kuninkaantie.fi\\\/lahde-kavelykadulle-11-8-26-8\\\/\"},\"author\":{\"name\":\"TheKing\",\"@id\":\"https:\\\/\\\/kuninkaantie.fi\\\/#\\\/schema\\\/person\\\/243cae00159e5d12676c67c0c2906af3\"},\"headline\":\"L\u00c4HDE K\u00c4VELYKADULLE 11.8. \u2013 26.8.\",\"datePublished\":\"2018-08-06T06:06:08+00:00\",\"mainEntityOfPage\":{\"@id\":\"https:\\\/\\\/kuninkaantie.fi\\\/lahde-kavelykadulle-11-8-26-8\\\/\"},\"wordCount\":222,\"commentCount\":0,\"image\":{\"@id\":\"https:\\\/\\\/kuninkaantie.fi\\\/lahde-kavelykadulle-11-8-26-8\\\/#primaryimage\"},\"thumbnailUrl\":\"https:\\\/\\\/i0.wp.com\\\/kuninkaantie.fi\\\/wp-content\\\/uploads\\\/2018\\\/08\\\/DSC_0058.png?fit=600%2C402&ssl=1\",\"keywords\":[\"k\u00e4velykatu\",\"lohja\"],\"articleSection\":[\"ajankohtaista\",\"tapahtuma\"],\"inLanguage\":\"fi\",\"potentialAction\":[{\"@type\":\"CommentAction\",\"name\":\"Comment\",\"target\":[\"https:\\\/\\\/kuninkaantie.fi\\\/lahde-kavelykadulle-11-8-26-8\\\/#respond\"]}]},{\"@type\":\"WebPage\",\"@id\":\"https:\\\/\\\/kuninkaantie.fi\\\/lahde-kavelykadulle-11-8-26-8\\\/\",\"url\":\"https:\\\/\\\/kuninkaantie.fi\\\/lahde-kavelykadulle-11-8-26-8\\\/\",\"name\":\"L\u00c4HDE K\u00c4VELYKADULLE 11.8. \u2013 26.8. - Kuninkaantie\",\"isPartOf\":{\"@id\":\"https:\\\/\\\/kuninkaantie.fi\\\/#website\"},\"primaryImageOfPage\":{\"@id\":\"https:\\\/\\\/kuninkaantie.fi\\\/lahde-kavelykadulle-11-8-26-8\\\/#primaryimage\"},\"image\":{\"@id\":\"https:\\\/\\\/kuninkaantie.fi\\\/lahde-kavelykadulle-11-8-26-8\\\/#primaryimage\"},\"thumbnailUrl\":\"https:\\\/\\\/i0.wp.com\\\/kuninkaantie.fi\\\/wp-content\\\/uploads\\\/2018\\\/08\\\/DSC_0058.png?fit=600%2C402&ssl=1\",\"datePublished\":\"2018-08-06T06:06:08+00:00\",\"author\":{\"@id\":\"https:\\\/\\\/kuninkaantie.fi\\\/#\\\/schema\\\/person\\\/243cae00159e5d12676c67c0c2906af3\"},\"breadcrumb\":{\"@id\":\"https:\\\/\\\/kuninkaantie.fi\\\/lahde-kavelykadulle-11-8-26-8\\\/#breadcrumb\"},\"inLanguage\":\"fi\",\"potentialAction\":[{\"@type\":\"ReadAction\",\"target\":[\"https:\\\/\\\/kuninkaantie.fi\\\/lahde-kavelykadulle-11-8-26-8\\\/\"]}]},{\"@type\":\"ImageObject\",\"inLanguage\":\"fi\",\"@id\":\"https:\\\/\\\/kuninkaantie.fi\\\/lahde-kavelykadulle-11-8-26-8\\\/#primaryimage\",\"url\":\"https:\\\/\\\/i0.wp.com\\\/kuninkaantie.fi\\\/wp-content\\\/uploads\\\/2018\\\/08\\\/DSC_0058.png?fit=600%2C402&ssl=1\",\"contentUrl\":\"https:\\\/\\\/i0.wp.com\\\/kuninkaantie.fi\\\/wp-content\\\/uploads\\\/2018\\\/08\\\/DSC_0058.png?fit=600%2C402&ssl=1\",\"width\":600,\"height\":402},{\"@type\":\"BreadcrumbList\",\"@id\":\"https:\\\/\\\/kuninkaantie.fi\\\/lahde-kavelykadulle-11-8-26-8\\\/#breadcrumb\",\"itemListElement\":[{\"@type\":\"ListItem\",\"position\":1,\"name\":\"Home\",\"item\":\"https:\\\/\\\/kuninkaantie.fi\\\/\"},{\"@type\":\"ListItem\",\"position\":2,\"name\":\"L\u00c4HDE K\u00c4VELYKADULLE 11.8. \u2013 26.8.\"}]},{\"@type\":\"WebSite\",\"@id\":\"https:\\\/\\\/kuninkaantie.fi\\\/#website\",\"url\":\"https:\\\/\\\/kuninkaantie.fi\\\/\",\"name\":\"Kuninkaantie\",\"description\":\"historiallinen kauppatie\",\"potentialAction\":[{\"@type\":\"SearchAction\",\"target\":{\"@type\":\"EntryPoint\",\"urlTemplate\":\"https:\\\/\\\/kuninkaantie.fi\\\/?s={search_term_string}\"},\"query-input\":{\"@type\":\"PropertyValueSpecification\",\"valueRequired\":true,\"valueName\":\"search_term_string\"}}],\"inLanguage\":\"fi\"},{\"@type\":\"Person\",\"@id\":\"https:\\\/\\\/kuninkaantie.fi\\\/#\\\/schema\\\/person\\\/243cae00159e5d12676c67c0c2906af3\",\"name\":\"TheKing\",\"image\":{\"@type\":\"ImageObject\",\"inLanguage\":\"fi\",\"@id\":\"https:\\\/\\\/secure.gravatar.com\\\/avatar\\\/cfd18ebca8546aad2f77bff84664c383d2b9b6d99c1672e9111a184b9df23c97?s=96&d=mm&r=g\",\"url\":\"https:\\\/\\\/secure.gravatar.com\\\/avatar\\\/cfd18ebca8546aad2f77bff84664c383d2b9b6d99c1672e9111a184b9df23c97?s=96&d=mm&r=g\",\"contentUrl\":\"https:\\\/\\\/secure.gravatar.com\\\/avatar\\\/cfd18ebca8546aad2f77bff84664c383d2b9b6d99c1672e9111a184b9df23c97?s=96&d=mm&r=g\",\"caption\":\"TheKing\"},\"url\":\"https:\\\/\\\/kuninkaantie.fi\\\/fi\\\/author\\\/theking\\\/\"}]}<\/script>\n<!-- \/ Yoast SEO plugin. -->","yoast_head_json":{"title":"L\u00c4HDE K\u00c4VELYKADULLE 11.8. \u2013 26.8. - Kuninkaantie","robots":{"index":"index","follow":"follow","max-snippet":"max-snippet:-1","max-image-preview":"max-image-preview:large","max-video-preview":"max-video-preview:-1"},"canonical":"https:\/\/kuninkaantie.fi\/lahde-kavelykadulle-11-8-26-8\/","og_locale":"fi_FI","og_type":"article","og_title":"L\u00c4HDE K\u00c4VELYKADULLE 11.8. \u2013 26.8. - Kuninkaantie","og_url":"https:\/\/kuninkaantie.fi\/lahde-kavelykadulle-11-8-26-8\/","og_site_name":"Kuninkaantie","article_published_time":"2018-08-06T06:06:08+00:00","og_image":[{"width":600,"height":402,"url":"https:\/\/kuninkaantie.fi\/wp-content\/uploads\/2018\/08\/DSC_0058.png","type":"image\/png"}],"author":"TheKing","twitter_card":"summary_large_image","twitter_misc":{"Kirjoittanut":"TheKing","Arvioitu lukuaika":"1 minuutti"},"schema":{"@context":"https:\/\/schema.org","@graph":[{"@type":"Article","@id":"https:\/\/kuninkaantie.fi\/lahde-kavelykadulle-11-8-26-8\/#article","isPartOf":{"@id":"https:\/\/kuninkaantie.fi\/lahde-kavelykadulle-11-8-26-8\/"},"author":{"name":"TheKing","@id":"https:\/\/kuninkaantie.fi\/#\/schema\/person\/243cae00159e5d12676c67c0c2906af3"},"headline":"L\u00c4HDE K\u00c4VELYKADULLE 11.8. \u2013 26.8.","datePublished":"2018-08-06T06:06:08+00:00","mainEntityOfPage":{"@id":"https:\/\/kuninkaantie.fi\/lahde-kavelykadulle-11-8-26-8\/"},"wordCount":222,"commentCount":0,"image":{"@id":"https:\/\/kuninkaantie.fi\/lahde-kavelykadulle-11-8-26-8\/#primaryimage"},"thumbnailUrl":"https:\/\/i0.wp.com\/kuninkaantie.fi\/wp-content\/uploads\/2018\/08\/DSC_0058.png?fit=600%2C402&ssl=1","keywords":["k\u00e4velykatu","lohja"],"articleSection":["ajankohtaista","tapahtuma"],"inLanguage":"fi","potentialAction":[{"@type":"CommentAction","name":"Comment","target":["https:\/\/kuninkaantie.fi\/lahde-kavelykadulle-11-8-26-8\/#respond"]}]},{"@type":"WebPage","@id":"https:\/\/kuninkaantie.fi\/lahde-kavelykadulle-11-8-26-8\/","url":"https:\/\/kuninkaantie.fi\/lahde-kavelykadulle-11-8-26-8\/","name":"L\u00c4HDE K\u00c4VELYKADULLE 11.8. \u2013 26.8. - Kuninkaantie","isPartOf":{"@id":"https:\/\/kuninkaantie.fi\/#website"},"primaryImageOfPage":{"@id":"https:\/\/kuninkaantie.fi\/lahde-kavelykadulle-11-8-26-8\/#primaryimage"},"image":{"@id":"https:\/\/kuninkaantie.fi\/lahde-kavelykadulle-11-8-26-8\/#primaryimage"},"thumbnailUrl":"https:\/\/i0.wp.com\/kuninkaantie.fi\/wp-content\/uploads\/2018\/08\/DSC_0058.png?fit=600%2C402&ssl=1","datePublished":"2018-08-06T06:06:08+00:00","author":{"@id":"https:\/\/kuninkaantie.fi\/#\/schema\/person\/243cae00159e5d12676c67c0c2906af3"},"breadcrumb":{"@id":"https:\/\/kuninkaantie.fi\/lahde-kavelykadulle-11-8-26-8\/#breadcrumb"},"inLanguage":"fi","potentialAction":[{"@type":"ReadAction","target":["https:\/\/kuninkaantie.fi\/lahde-kavelykadulle-11-8-26-8\/"]}]},{"@type":"ImageObject","inLanguage":"fi","@id":"https:\/\/kuninkaantie.fi\/lahde-kavelykadulle-11-8-26-8\/#primaryimage","url":"https:\/\/i0.wp.com\/kuninkaantie.fi\/wp-content\/uploads\/2018\/08\/DSC_0058.png?fit=600%2C402&ssl=1","contentUrl":"https:\/\/i0.wp.com\/kuninkaantie.fi\/wp-content\/uploads\/2018\/08\/DSC_0058.png?fit=600%2C402&ssl=1","width":600,"height":402},{"@type":"BreadcrumbList","@id":"https:\/\/kuninkaantie.fi\/lahde-kavelykadulle-11-8-26-8\/#breadcrumb","itemListElement":[{"@type":"ListItem","position":1,"name":"Home","item":"https:\/\/kuninkaantie.fi\/"},{"@type":"ListItem","position":2,"name":"L\u00c4HDE K\u00c4VELYKADULLE 11.8. \u2013 26.8."}]},{"@type":"WebSite","@id":"https:\/\/kuninkaantie.fi\/#website","url":"https:\/\/kuninkaantie.fi\/","name":"Kuninkaantie","description":"historiallinen kauppatie","potentialAction":[{"@type":"SearchAction","target":{"@type":"EntryPoint","urlTemplate":"https:\/\/kuninkaantie.fi\/?s={search_term_string}"},"query-input":{"@type":"PropertyValueSpecification","valueRequired":true,"valueName":"search_term_string"}}],"inLanguage":"fi"},{"@type":"Person","@id":"https:\/\/kuninkaantie.fi\/#\/schema\/person\/243cae00159e5d12676c67c0c2906af3","name":"TheKing","image":{"@type":"ImageObject","inLanguage":"fi","@id":"https:\/\/secure.gravatar.com\/avatar\/cfd18ebca8546aad2f77bff84664c383d2b9b6d99c1672e9111a184b9df23c97?s=96&d=mm&r=g","url":"https:\/\/secure.gravatar.com\/avatar\/cfd18ebca8546aad2f77bff84664c383d2b9b6d99c1672e9111a184b9df23c97?s=96&d=mm&r=g","contentUrl":"https:\/\/secure.gravatar.com\/avatar\/cfd18ebca8546aad2f77bff84664c383d2b9b6d99c1672e9111a184b9df23c97?s=96&d=mm&r=g","caption":"TheKing"},"url":"https:\/\/kuninkaantie.fi\/fi\/author\/theking\/"}]}},"jetpack_featured_media_url":"https:\/\/i0.wp.com\/kuninkaantie.fi\/wp-content\/uploads\/2018\/08\/DSC_0058.png?fit=600%2C402&ssl=1","jetpack_sharing_enabled":true,"jetpack_shortlink":"https:\/\/wp.me\/p92YTG-84","jetpack-related-posts":[{"id":932,"url":"https:\/\/kuninkaantie.fi\/fi\/matkailukohteena-lohja\/","url_meta":{"origin":500,"position":0},"title":"Matkailukohteena Lohja","author":"TheKing","date":"28\/03\/2023","format":false,"excerpt":"Lohjalla on yll\u00e4tt\u00e4v\u00e4nkin paljon katseltavaa ja tutustumisen arvoisia paikkoja. Tytyrin kaivos Tytyrin kaivos on kaivos, joka sijaitsee Lohjan kaupungissa Uudellamaalla Suomessa. Kaivos on toiminut vuodesta 1972, ja se tuottaa kalsiittia eli kalsiumkarbonaattia, jota k\u00e4ytet\u00e4\u00e4n muun muassa paperin valmistuksessa ja rakennusmateriaaleissa. Tytyrin kaivos on maanpinnan alla sijaitseva kaivos, joka ulottuu noin\u2026","rel":"","context":"Kategoriassa &quot;ajankohtaista&quot;","block_context":{"text":"ajankohtaista","link":"https:\/\/kuninkaantie.fi\/fi\/category\/ajankohtaista\/"},"img":{"alt_text":"","src":"https:\/\/i0.wp.com\/kuninkaantie.fi\/wp-content\/uploads\/2023\/03\/pyhan-laurin-kirkko.jpg?fit=1200%2C795&ssl=1&resize=350%2C200","width":350,"height":200,"srcset":"https:\/\/i0.wp.com\/kuninkaantie.fi\/wp-content\/uploads\/2023\/03\/pyhan-laurin-kirkko.jpg?fit=1200%2C795&ssl=1&resize=350%2C200 1x, https:\/\/i0.wp.com\/kuninkaantie.fi\/wp-content\/uploads\/2023\/03\/pyhan-laurin-kirkko.jpg?fit=1200%2C795&ssl=1&resize=525%2C300 1.5x, https:\/\/i0.wp.com\/kuninkaantie.fi\/wp-content\/uploads\/2023\/03\/pyhan-laurin-kirkko.jpg?fit=1200%2C795&ssl=1&resize=700%2C400 2x, https:\/\/i0.wp.com\/kuninkaantie.fi\/wp-content\/uploads\/2023\/03\/pyhan-laurin-kirkko.jpg?fit=1200%2C795&ssl=1&resize=1050%2C600 3x"},"classes":[]},{"id":360,"url":"https:\/\/kuninkaantie.fi\/fi\/meidan-lantinen-uusimaa-paikka-missa-on-hyva-asua\/","url_meta":{"origin":500,"position":1},"title":"Meid\u00e4n L\u00e4ntinen Uusimaa,  paikka miss\u00e4 on hyv\u00e4 asua","author":"TheKing","date":"04\/06\/2018","format":false,"excerpt":"{:fi} T\u00e4m\u00e4 on p\u00e4\u00e4toimittaja Kari Oksasen Ykk\u00f6s-Lohjan vetokauden kolmas L\u00e4nnen Helmi, jota nyt pid\u00e4t k\u00e4siss\u00e4si - t\u00e4ll\u00e4 kertaa p\u00e4\u00e4aiheenamme on asuminen alueella ja luonnollisesti my\u00f6s kes\u00e4n tapahtumat alueella. Kun vuonna 1998 kirjoittelin IT-maahantuontiyrityksess\u00e4 konsulttina ollessani artikkelin englantilaiseen lehteen aiheena Paperless Office eli paperiton toimisto, ei mieleeni olisi voinut tulla edes\u2026","rel":"","context":"Kategoriassa &quot;ajankohtaista&quot;","block_context":{"text":"ajankohtaista","link":"https:\/\/kuninkaantie.fi\/fi\/category\/ajankohtaista\/"},"img":{"alt_text":"","src":"https:\/\/i0.wp.com\/kuninkaantie.fi\/wp-content\/uploads\/2018\/06\/mukana_arjessa_ranta.jpg?fit=1200%2C850&ssl=1&resize=350%2C200","width":350,"height":200,"srcset":"https:\/\/i0.wp.com\/kuninkaantie.fi\/wp-content\/uploads\/2018\/06\/mukana_arjessa_ranta.jpg?fit=1200%2C850&ssl=1&resize=350%2C200 1x, https:\/\/i0.wp.com\/kuninkaantie.fi\/wp-content\/uploads\/2018\/06\/mukana_arjessa_ranta.jpg?fit=1200%2C850&ssl=1&resize=525%2C300 1.5x, https:\/\/i0.wp.com\/kuninkaantie.fi\/wp-content\/uploads\/2018\/06\/mukana_arjessa_ranta.jpg?fit=1200%2C850&ssl=1&resize=700%2C400 2x, https:\/\/i0.wp.com\/kuninkaantie.fi\/wp-content\/uploads\/2018\/06\/mukana_arjessa_ranta.jpg?fit=1200%2C850&ssl=1&resize=1050%2C600 3x"},"classes":[]},{"id":582,"url":"https:\/\/kuninkaantie.fi\/fi\/lohja-spa\/","url_meta":{"origin":500,"position":2},"title":"Kylpyl\u00e4hotelli P\u00e4iv\u00e4kummusta Lohja Spa &#038; Resort","author":"TheKing","date":"30\/03\/2019","format":false,"excerpt":"{:en} {:}{:fi} Kylpyl\u00e4hotelli P\u00e4iv\u00e4kumpu on k\u00e4ynyt l\u00e4pi lukuisia tila- ja palvelu-uudistuksia, jotka ovat vuoden 2019 alusta huipentuneet nimenmuutokseen. Uudistuneen spa-osaston suunnittelussa on panostettu suomalaisuuteen ja el\u00e4myksellisyyteen. Hotellipuolta on kehitetty entisest\u00e4\u00e4n: Lohjanj\u00e4rven rannalle valmistui viime vuonna superior-tason hotellihuoneita, tarjoten matkailu- ja lomael\u00e4myksen kauniin luonnon ymp\u00e4r\u00f6im\u00e4n\u00e4. Kylpyl\u00e4hotelli P\u00e4iv\u00e4kumpu on vaihtanut nimens\u00e4 Lohja\u2026","rel":"","context":"Kategoriassa &quot;ajankohtaista&quot;","block_context":{"text":"ajankohtaista","link":"https:\/\/kuninkaantie.fi\/fi\/category\/ajankohtaista\/"},"img":{"alt_text":"","src":"https:\/\/i0.wp.com\/kuninkaantie.fi\/wp-content\/uploads\/2019\/03\/Lohja-Spa-Resort-katos.jpg?fit=1200%2C757&ssl=1&resize=350%2C200","width":350,"height":200,"srcset":"https:\/\/i0.wp.com\/kuninkaantie.fi\/wp-content\/uploads\/2019\/03\/Lohja-Spa-Resort-katos.jpg?fit=1200%2C757&ssl=1&resize=350%2C200 1x, https:\/\/i0.wp.com\/kuninkaantie.fi\/wp-content\/uploads\/2019\/03\/Lohja-Spa-Resort-katos.jpg?fit=1200%2C757&ssl=1&resize=525%2C300 1.5x, https:\/\/i0.wp.com\/kuninkaantie.fi\/wp-content\/uploads\/2019\/03\/Lohja-Spa-Resort-katos.jpg?fit=1200%2C757&ssl=1&resize=700%2C400 2x, https:\/\/i0.wp.com\/kuninkaantie.fi\/wp-content\/uploads\/2019\/03\/Lohja-Spa-Resort-katos.jpg?fit=1200%2C757&ssl=1&resize=1050%2C600 3x"},"classes":[]},{"id":702,"url":"https:\/\/kuninkaantie.fi\/fi\/trains-and-future\/","url_meta":{"origin":500,"position":3},"title":"Tulevaisuuden raideliikenne","author":"TheKing","date":"09\/03\/2020","format":false,"excerpt":"{:fi} Jorma J\u00e4ntti (Turun Sanomat 5.3) ja Mika Nummenpalo (TS 6.3) kirjoittavat ansiokkaasti Turun raitiotiest\u00e4 ja Tunnin junasta. N\u00e4it\u00e4 ja laajaa aluetta Lohja \u2013 Turku tulee tarkastella kokonaisuutena ja huomioida my\u00f6s Suomi-rata Helsinki \u2013 Tampere. Etenkin hankkeessa Helsinki \u2013 Turku\/ oikorata Lohja \u2013 Salo tulee n\u00e4hd\u00e4 kokonaisuus; ratahankkeiden tulee olla\u2026","rel":"","context":"Kategoriassa &quot;uutinen&quot;","block_context":{"text":"uutinen","link":"https:\/\/kuninkaantie.fi\/fi\/category\/uutinen\/"},"img":{"alt_text":"","src":"https:\/\/i0.wp.com\/kuninkaantie.fi\/wp-content\/uploads\/2019\/05\/Misi2_PRU_Rakentaminen_SiiriFagerlund.jpg?fit=1200%2C800&ssl=1&resize=350%2C200","width":350,"height":200,"srcset":"https:\/\/i0.wp.com\/kuninkaantie.fi\/wp-content\/uploads\/2019\/05\/Misi2_PRU_Rakentaminen_SiiriFagerlund.jpg?fit=1200%2C800&ssl=1&resize=350%2C200 1x, https:\/\/i0.wp.com\/kuninkaantie.fi\/wp-content\/uploads\/2019\/05\/Misi2_PRU_Rakentaminen_SiiriFagerlund.jpg?fit=1200%2C800&ssl=1&resize=525%2C300 1.5x, https:\/\/i0.wp.com\/kuninkaantie.fi\/wp-content\/uploads\/2019\/05\/Misi2_PRU_Rakentaminen_SiiriFagerlund.jpg?fit=1200%2C800&ssl=1&resize=700%2C400 2x, https:\/\/i0.wp.com\/kuninkaantie.fi\/wp-content\/uploads\/2019\/05\/Misi2_PRU_Rakentaminen_SiiriFagerlund.jpg?fit=1200%2C800&ssl=1&resize=1050%2C600 3x"},"classes":[]},{"id":1092,"url":"https:\/\/kuninkaantie.fi\/fi\/stand-up-illat-alkavat-helmikuussa-ykkos-lohja-areenalla-lohjan-tynninharjulla\/","url_meta":{"origin":500,"position":4},"title":"Stand up -illat alkavat helmikuussa Ykk\u00f6s-Lohja Areenalla Lohjan Tynninharjulla","author":"TheKing","date":"03\/02\/2025","format":false,"excerpt":"Stand up-komiikan suosio jatkaa kasvuaan Suomessa, ja nyt my\u00f6s Lohjan viihdetarjonta saa oman osansa t\u00e4st\u00e4 ilmi\u00f6st\u00e4. Ykk\u00f6s-Lohja Areena tuo kev\u00e4\u00e4ll\u00e4 2025 lavalle uuden tapahtumasarjan, Nauruareenan, joka tarjoaa yleis\u00f6lle mahdollisuuden nauttia huippuluokan huumorista perjantai-iltaisin.","rel":"","context":"Kategoriassa &quot;ajankohtaista&quot;","block_context":{"text":"ajankohtaista","link":"https:\/\/kuninkaantie.fi\/fi\/category\/ajankohtaista\/"},"img":{"alt_text":"koomikot Ykk\u00f6s-Lohja areenalla","src":"https:\/\/i0.wp.com\/kuninkaantie.fi\/wp-content\/uploads\/2025\/01\/koomikot-areenalla-1.jpg?fit=1200%2C1200&ssl=1&resize=350%2C200","width":350,"height":200,"srcset":"https:\/\/i0.wp.com\/kuninkaantie.fi\/wp-content\/uploads\/2025\/01\/koomikot-areenalla-1.jpg?fit=1200%2C1200&ssl=1&resize=350%2C200 1x, https:\/\/i0.wp.com\/kuninkaantie.fi\/wp-content\/uploads\/2025\/01\/koomikot-areenalla-1.jpg?fit=1200%2C1200&ssl=1&resize=525%2C300 1.5x, https:\/\/i0.wp.com\/kuninkaantie.fi\/wp-content\/uploads\/2025\/01\/koomikot-areenalla-1.jpg?fit=1200%2C1200&ssl=1&resize=700%2C400 2x, https:\/\/i0.wp.com\/kuninkaantie.fi\/wp-content\/uploads\/2025\/01\/koomikot-areenalla-1.jpg?fit=1200%2C1200&ssl=1&resize=1050%2C600 3x"},"classes":[]},{"id":400,"url":"https:\/\/kuninkaantie.fi\/fi\/keskiaika-saapuu-raaseporiin-ja-siuntioon\/","url_meta":{"origin":500,"position":5},"title":"Keskiaika saapuu Raaseporiin ja Siuntioon","author":"TheKing","date":"06\/06\/2018","format":false,"excerpt":"{:fi} Celeres Nordican ritarit saapuvat. (Kuva: Chris Senn) Raaseporin keskiaikaseura j\u00e4rjest\u00e4\u00e4 Keskiaikaa Raaseporissa -tapahtuman 14.7.-15.7. Raaseporin linnanraunioilla. Ohjelmassa on keskiaikaiset markkinat ja turnajaiset. Luvassa on mm. musiikkia, tanssiesitys, turnajaiset, tuliesityksi\u00e4, ilveilij\u00f6it\u00e4 sek\u00e4 varsijousiammuntaa ja veitsen- ja kirveenheittoa, joita yleis\u00f6kin p\u00e4\u00e4see kokeilemaan. Uutuutena t\u00e4n\u00e4 vuonna on yrttik\u00e4vely, jossa tutustutaan oppaan johdolla\u2026","rel":"","context":"Kategoriassa &quot;historia&quot;","block_context":{"text":"historia","link":"https:\/\/kuninkaantie.fi\/fi\/category\/historia\/"},"img":{"alt_text":"","src":"https:\/\/i0.wp.com\/kuninkaantie.fi\/wp-content\/uploads\/2018\/06\/ritaritwww.jpg?fit=1200%2C905&ssl=1&resize=350%2C200","width":350,"height":200,"srcset":"https:\/\/i0.wp.com\/kuninkaantie.fi\/wp-content\/uploads\/2018\/06\/ritaritwww.jpg?fit=1200%2C905&ssl=1&resize=350%2C200 1x, https:\/\/i0.wp.com\/kuninkaantie.fi\/wp-content\/uploads\/2018\/06\/ritaritwww.jpg?fit=1200%2C905&ssl=1&resize=525%2C300 1.5x, https:\/\/i0.wp.com\/kuninkaantie.fi\/wp-content\/uploads\/2018\/06\/ritaritwww.jpg?fit=1200%2C905&ssl=1&resize=700%2C400 2x, https:\/\/i0.wp.com\/kuninkaantie.fi\/wp-content\/uploads\/2018\/06\/ritaritwww.jpg?fit=1200%2C905&ssl=1&resize=1050%2C600 3x"},"classes":[]}],"_links":{"self":[{"href":"https:\/\/kuninkaantie.fi\/fi\/wp-json\/wp\/v2\/posts\/500","targetHints":{"allow":["GET"]}}],"collection":[{"href":"https:\/\/kuninkaantie.fi\/fi\/wp-json\/wp\/v2\/posts"}],"about":[{"href":"https:\/\/kuninkaantie.fi\/fi\/wp-json\/wp\/v2\/types\/post"}],"author":[{"embeddable":true,"href":"https:\/\/kuninkaantie.fi\/fi\/wp-json\/wp\/v2\/users\/2"}],"replies":[{"embeddable":true,"href":"https:\/\/kuninkaantie.fi\/fi\/wp-json\/wp\/v2\/comments?post=500"}],"version-history":[{"count":2,"href":"https:\/\/kuninkaantie.fi\/fi\/wp-json\/wp\/v2\/posts\/500\/revisions"}],"predecessor-version":[{"id":504,"href":"https:\/\/kuninkaantie.fi\/fi\/wp-json\/wp\/v2\/posts\/500\/revisions\/504"}],"wp:featuredmedia":[{"embeddable":true,"href":"https:\/\/kuninkaantie.fi\/fi\/wp-json\/wp\/v2\/media\/502"}],"wp:attachment":[{"href":"https:\/\/kuninkaantie.fi\/fi\/wp-json\/wp\/v2\/media?parent=500"}],"wp:term":[{"taxonomy":"category","embeddable":true,"href":"https:\/\/kuninkaantie.fi\/fi\/wp-json\/wp\/v2\/categories?post=500"},{"taxonomy":"post_tag","embeddable":true,"href":"https:\/\/kuninkaantie.fi\/fi\/wp-json\/wp\/v2\/tags?post=500"}],"curies":[{"name":"wp","href":"https:\/\/api.w.org\/{rel}","templated":true}]}}