{"id":400,"date":"2018-06-06T11:33:31","date_gmt":"2018-06-06T08:33:31","guid":{"rendered":"https:\/\/kuninkaantie.fi\/?p=400"},"modified":"2018-06-04T10:37:41","modified_gmt":"2018-06-04T07:37:41","slug":"keskiaika-saapuu-raaseporiin-ja-siuntioon","status":"publish","type":"post","link":"https:\/\/kuninkaantie.fi\/fi\/keskiaika-saapuu-raaseporiin-ja-siuntioon\/","title":{"rendered":"Keskiaika saapuu Raaseporiin ja Siuntioon"},"content":{"rendered":"<p><img data-recalc-dims=\"1\" loading=\"lazy\" decoding=\"async\" data-attachment-id=\"401\" data-permalink=\"https:\/\/kuninkaantie.fi\/fi\/keskiaika-saapuu-raaseporiin-ja-siuntioon\/ritaritwww\/#main\" data-orig-file=\"https:\/\/i0.wp.com\/kuninkaantie.fi\/wp-content\/uploads\/2018\/06\/ritaritwww.jpg?fit=1600%2C1206&amp;ssl=1\" data-orig-size=\"1600,1206\" data-comments-opened=\"1\" data-image-meta=\"{&quot;aperture&quot;:&quot;0&quot;,&quot;credit&quot;:&quot;&quot;,&quot;camera&quot;:&quot;&quot;,&quot;caption&quot;:&quot;&quot;,&quot;created_timestamp&quot;:&quot;0&quot;,&quot;copyright&quot;:&quot;&quot;,&quot;focal_length&quot;:&quot;0&quot;,&quot;iso&quot;:&quot;0&quot;,&quot;shutter_speed&quot;:&quot;0&quot;,&quot;title&quot;:&quot;&quot;,&quot;orientation&quot;:&quot;1&quot;}\" data-image-title=\"ritaritwww\" data-image-description=\"\" data-image-caption=\"\" data-large-file=\"https:\/\/i0.wp.com\/kuninkaantie.fi\/wp-content\/uploads\/2018\/06\/ritaritwww.jpg?fit=640%2C483&amp;ssl=1\" class=\"alignnone size-large wp-image-401\" src=\"https:\/\/i0.wp.com\/kuninkaantie.fi\/wp-content\/uploads\/2018\/06\/ritaritwww.jpg?resize=640%2C483&#038;ssl=1\" alt=\"\" width=\"640\" height=\"483\" srcset=\"https:\/\/i0.wp.com\/kuninkaantie.fi\/wp-content\/uploads\/2018\/06\/ritaritwww.jpg?resize=1024%2C772&amp;ssl=1 1024w, https:\/\/i0.wp.com\/kuninkaantie.fi\/wp-content\/uploads\/2018\/06\/ritaritwww.jpg?resize=300%2C226&amp;ssl=1 300w, https:\/\/i0.wp.com\/kuninkaantie.fi\/wp-content\/uploads\/2018\/06\/ritaritwww.jpg?resize=768%2C579&amp;ssl=1 768w, https:\/\/i0.wp.com\/kuninkaantie.fi\/wp-content\/uploads\/2018\/06\/ritaritwww.jpg?w=1600&amp;ssl=1 1600w, https:\/\/i0.wp.com\/kuninkaantie.fi\/wp-content\/uploads\/2018\/06\/ritaritwww.jpg?w=1280&amp;ssl=1 1280w\" sizes=\"auto, (max-width: 640px) 100vw, 640px\" \/><\/p>\n<p><em><strong>Celeres Nordican ritarit saapuvat. (Kuva: Chris Senn)<\/strong><\/em><\/p>\n<p>Raaseporin keskiaikaseura j\u00e4rjest\u00e4\u00e4 Keskiaikaa Raaseporissa -tapahtuman 14.7.-15.7. Raaseporin linnanraunioilla. Ohjelmassa on keskiaikaiset markkinat ja turnajaiset. Luvassa on mm. musiikkia, tanssiesitys, turnajaiset, tuliesityksi\u00e4, ilveilij\u00f6it\u00e4 sek\u00e4 varsijousiammuntaa ja veitsen- ja kirveenheittoa, joita yleis\u00f6kin p\u00e4\u00e4see kokeilemaan. Uutuutena t\u00e4n\u00e4 vuonna on yrttik\u00e4vely, jossa tutustutaan oppaan johdolla vanhoihin yrtteihin. Markkinoilla myyd\u00e4\u00e4n mm. keskiaikaisia k\u00e4sit\u00f6it\u00e4, vaatteita, koruja, ruokaa ja keramiikkaa. Markkinaraitilla saattaa my\u00f6s k\u00e4vell\u00e4 vastaan monenmoista keskiaikaista v\u00e4ke\u00e4 hassuttelemassa.<br \/>\nAikataulu on sama kumpanakin p\u00e4iv\u00e4n\u00e4: Markkinat avataan kello 11.00, turnajaiset pidet\u00e4\u00e4n 12.00 ja 16.00, tuliesitys ja ilveilij\u00e4t ovat vuorossa kello 14.00 ja opastettu kierros linnassa kello 15.00. Markkinat suljetaan kello 18.00. Markkinoille on vapaa p\u00e4\u00e4sy. Turnajaiset ja kierros linnassa ovat maksullisia, muu ohjelma maksutonta.<br \/>\n\u2013 Tapahtumasta on tulossa hyv\u00e4 ja turnajaisista sellaiset, ett\u00e4 toisia samanlaisia ei t\u00e4ll\u00e4 puolella lahtea muualla n\u00e4e, tiivist\u00e4\u00e4 Dan Idman Raaseporin keskiaikaseurasta.<\/p>\n<h2>Keskiaikatapahtumia Raaseporissa jo kymmenen vuotta<\/h2>\n<p>Pohja Raaseporin keskiaikamarkkinoille l\u00f6ytyy englantilaisista ritareista, jotka k\u00e4viv\u00e4t esiintym\u00e4ss\u00e4 Raaseporissa 1990-luvun taitteessa. Idman innostui keskiajasta n\u00e4hty\u00e4\u00e4n heid\u00e4n esityksi\u00e4\u00e4n.<br \/>\n\u2013 Olimme yhteydess\u00e4 ruotsalaisiin ritariseuroihin, kun oli aika perustaa oma seura (Raaseporin keskiaikaseura) vuonna 1997. Jo silloin oli ajatuksena, ett\u00e4 linnanraunioilla pit\u00e4isi tehd\u00e4 jotain, kertoo Idman.<br \/>\n\u2013 Muutamia turnajaisia pidettiin l\u00e4ntisell\u00e4 Uudellamaalla, kunnes meid\u00e4t pyydettiin mukaan, kun H\u00e4meenlinnassa j\u00e4rjestettiin keskiaikamarkkinat 2001. Esiinnyimme siell\u00e4 vuoteen 2006. Kun toiminta kasvoi, p\u00e4\u00e4timme aloittaa tapahtumat my\u00f6s Raaseporissa. Siell\u00e4 markkinoita j\u00e4rjestettiin vuodesta 2006 joka vuosi ja vuodesta 2012 l\u00e4htien joka toinen vuosi, joten nyt vuorossa on kymmenes tapahtuma, Idman jatkaa.<br \/>\nYleis\u00f6\u00e4 tapahtumat ovat vet\u00e4neet Raaseporin linnanraunioille hyvin.<br \/>\n\u2013 K\u00e4vij\u00f6it\u00e4 on ollut vuosittain noin 4 000 ja puolet on k\u00e4ynyt my\u00f6s turnajaisissa. Sadekaan ei ole est\u00e4nyt ihmisi\u00e4 tulemasta, Idman iloitsee.<br \/>\nRaaseporin keskiaikamarkkinoiden kymmenvuotinen historia ikuistetaan my\u00f6s kuvakirjaksi.<br \/>\n\u2013 Kirjassa elet\u00e4\u00e4n esimerkiksi armon vuotta 1379. Se sis\u00e4lt\u00e4\u00e4 kuvia ja tarinoita teemalla keskiaikaa Raaseporissa. Sis\u00e4lt\u00f6\u00e4 on my\u00f6s H\u00e4meenlinnasta, Idman kertoo.<\/p>\n<h2>Ritareita ja hevosia<\/h2>\n<p>Keskiaikatapahtumiin tarvitaan totta kai ritareita. T\u00e4ll\u00e4 hetkell\u00e4 Suomessa on yksi ritariryhm\u00e4.<br \/>\n\u2013 2000-luvun alussa meill\u00e4 oli nelj\u00e4 omaa ritaria, mutta sitten he muuttivat Ruotsiin ja meille j\u00e4i vain yksi. Otimme yhteytt\u00e4 Celeres Nordicaan Uppsalaan. Se on ollut yhteisty\u00f6kumppanimme vuodesta 2004 l\u00e4htien. Nyky\u00e4\u00e4n l\u00f6ytyy ritareita, mutta ongelma ovat hevoset. Mitk\u00e4 tahansa hevoset eiv\u00e4t sovi, vaan turnajaiset vaativat oman koulutuksensa, Idman avaa.<br \/>\nTapahtumissa keskiajan henki n\u00e4kyy vaatteissakin.<br \/>\n\u2013 Ompelemme vaatteet itse tai ostamme ulkomailta. Hevosillekin on omat. Niit\u00e4 on kova ty\u00f6 tehd\u00e4, hevonen on iso el\u00e4in. Tarvitaan my\u00f6s alan asiantuntijoita, jotka tuntevat turnajaislajeja, Idman kertoo.<br \/>\nRaaseporin linnanrauniot ovat mainio paikka keskiaikatapahtuman j\u00e4rjest\u00e4miseen.<br \/>\n\u2013 Turnajaiskentt\u00e4 ja ymp\u00e4rist\u00f6 ovat ainutlaatuiset. Muualla tapahtumia j\u00e4rjestet\u00e4\u00e4n moderneissa kaupungeissa.<\/p>\n<h2>Keskiaikaisia tunnelmia Siuntiossa<\/h2>\n<p>Siuntiossa j\u00e4rjestet\u00e4\u00e4n t\u00e4n\u00e4 kes\u00e4n\u00e4 ensimm\u00e4iset keskiaikamarkkinat.<br \/>\n\u2013 Idea t\u00e4h\u00e4n tuli minulta, sill\u00e4 j\u00e4rjestin muutama vuosi sitten omalla pihallani keskiaikaiset pidot, joissa oli 60 vierasta. Olen jo pitk\u00e4\u00e4n ollut keskiaikaharrastaja. Ratsastan ja rakastan mustia friisil\u00e4ishevosia (ritarihevosia), harrastan miekkailua ja k\u00e4yn keskiaikatapahtumissa, kertoo Hanna Savilahti.<br \/>\n\u2013 Haave omista markkinoista Siuntiossa syntyi, ja viime vuonna sain kolme siuntiolaista naista, Aune Wacheckin, Heidi Kr\u00fbgerin ja Mia Nybergin, innostumaan ideastani. Sen seurauksena perustimme yhdistyksen Siuntion keskiaikaiset markkinat ry, jonka puheenjohtajana toimin, h\u00e4n jatkaa.<br \/>\nMarkkinat j\u00e4rjestet\u00e4\u00e4n lauantaina 11.8. kello 10.00-16.00 Siuntion keskiaikaisen Pyh\u00e4n Pietarin kirkon pihamaalla. Toistaiseksi on avoinna, alkavatko markkinat yhteisell\u00e4, keskiaikaisella messulla kirkossa.<br \/>\nMarkkinoilla on k\u00e4sity\u00f6l\u00e4isi\u00e4 myym\u00e4ss\u00e4 itse tehtyj\u00e4 tuotteita, kuten koruja, vaatteita, lampolan tuotteita ja taontatuotteita. Kyseess\u00e4 on koko perheen tapahtuma, jonka ohjelmaan kuuluu mm. erilaisia ty\u00f6n\u00e4yt\u00f6ksi\u00e4, keskiaikaista musiikkia ja kotiel\u00e4imi\u00e4. Tarjolla on my\u00f6s suussa sulavaa keskiaikaista sy\u00f6t\u00e4v\u00e4\u00e4, kuten porsasta vartaassa.<br \/>\nMyyj\u00e4t voivat viel\u00e4 ilmoittautua mukaan markkinoille. Lis\u00e4\u00e4 tietoa l\u00f6ytyy Siuntion Keskiaikaiset Markkinat ry:n FB-sivuilta.<\/p>\n<p>SMS<\/p>\n<p><img data-recalc-dims=\"1\" loading=\"lazy\" decoding=\"async\" data-attachment-id=\"402\" data-permalink=\"https:\/\/kuninkaantie.fi\/fi\/keskiaika-saapuu-raaseporiin-ja-siuntioon\/turnajaisetwww\/#main\" data-orig-file=\"https:\/\/i0.wp.com\/kuninkaantie.fi\/wp-content\/uploads\/2018\/06\/turnajaisetwww.jpg?fit=1600%2C1232&amp;ssl=1\" data-orig-size=\"1600,1232\" data-comments-opened=\"1\" data-image-meta=\"{&quot;aperture&quot;:&quot;0&quot;,&quot;credit&quot;:&quot;&quot;,&quot;camera&quot;:&quot;&quot;,&quot;caption&quot;:&quot;&quot;,&quot;created_timestamp&quot;:&quot;0&quot;,&quot;copyright&quot;:&quot;&quot;,&quot;focal_length&quot;:&quot;0&quot;,&quot;iso&quot;:&quot;0&quot;,&quot;shutter_speed&quot;:&quot;0&quot;,&quot;title&quot;:&quot;&quot;,&quot;orientation&quot;:&quot;1&quot;}\" data-image-title=\"turnajaisetwww\" data-image-description=\"\" data-image-caption=\"\" data-large-file=\"https:\/\/i0.wp.com\/kuninkaantie.fi\/wp-content\/uploads\/2018\/06\/turnajaisetwww.jpg?fit=640%2C493&amp;ssl=1\" class=\"alignnone size-large wp-image-402\" src=\"https:\/\/i0.wp.com\/kuninkaantie.fi\/wp-content\/uploads\/2018\/06\/turnajaisetwww.jpg?resize=640%2C493&#038;ssl=1\" alt=\"\" width=\"640\" height=\"493\" srcset=\"https:\/\/i0.wp.com\/kuninkaantie.fi\/wp-content\/uploads\/2018\/06\/turnajaisetwww.jpg?resize=1024%2C788&amp;ssl=1 1024w, https:\/\/i0.wp.com\/kuninkaantie.fi\/wp-content\/uploads\/2018\/06\/turnajaisetwww.jpg?resize=300%2C231&amp;ssl=1 300w, https:\/\/i0.wp.com\/kuninkaantie.fi\/wp-content\/uploads\/2018\/06\/turnajaisetwww.jpg?resize=768%2C591&amp;ssl=1 768w, https:\/\/i0.wp.com\/kuninkaantie.fi\/wp-content\/uploads\/2018\/06\/turnajaisetwww.jpg?w=1600&amp;ssl=1 1600w, https:\/\/i0.wp.com\/kuninkaantie.fi\/wp-content\/uploads\/2018\/06\/turnajaisetwww.jpg?w=1280&amp;ssl=1 1280w\" sizes=\"auto, (max-width: 640px) 100vw, 640px\" \/><\/p>\n<p><em><strong>Pelin Vartija kvinttaanin kimpussa. (Kuva: Chris Senn)<\/strong><\/em><\/p>\n<p><img data-recalc-dims=\"1\" loading=\"lazy\" decoding=\"async\" data-attachment-id=\"403\" data-permalink=\"https:\/\/kuninkaantie.fi\/fi\/keskiaika-saapuu-raaseporiin-ja-siuntioon\/tuliwww\/#main\" data-orig-file=\"https:\/\/i0.wp.com\/kuninkaantie.fi\/wp-content\/uploads\/2018\/06\/tuliwww.jpg?fit=1600%2C2317&amp;ssl=1\" data-orig-size=\"1600,2317\" data-comments-opened=\"1\" data-image-meta=\"{&quot;aperture&quot;:&quot;0&quot;,&quot;credit&quot;:&quot;&quot;,&quot;camera&quot;:&quot;&quot;,&quot;caption&quot;:&quot;&quot;,&quot;created_timestamp&quot;:&quot;0&quot;,&quot;copyright&quot;:&quot;&quot;,&quot;focal_length&quot;:&quot;0&quot;,&quot;iso&quot;:&quot;0&quot;,&quot;shutter_speed&quot;:&quot;0&quot;,&quot;title&quot;:&quot;&quot;,&quot;orientation&quot;:&quot;1&quot;}\" data-image-title=\"tuliwww\" data-image-description=\"\" data-image-caption=\"\" data-large-file=\"https:\/\/i0.wp.com\/kuninkaantie.fi\/wp-content\/uploads\/2018\/06\/tuliwww.jpg?fit=640%2C927&amp;ssl=1\" class=\"alignnone size-large wp-image-403\" src=\"https:\/\/i0.wp.com\/kuninkaantie.fi\/wp-content\/uploads\/2018\/06\/tuliwww.jpg?resize=640%2C927&#038;ssl=1\" alt=\"\" width=\"640\" height=\"927\" srcset=\"https:\/\/i0.wp.com\/kuninkaantie.fi\/wp-content\/uploads\/2018\/06\/tuliwww.jpg?resize=707%2C1024&amp;ssl=1 707w, https:\/\/i0.wp.com\/kuninkaantie.fi\/wp-content\/uploads\/2018\/06\/tuliwww.jpg?resize=207%2C300&amp;ssl=1 207w, https:\/\/i0.wp.com\/kuninkaantie.fi\/wp-content\/uploads\/2018\/06\/tuliwww.jpg?resize=768%2C1112&amp;ssl=1 768w, https:\/\/i0.wp.com\/kuninkaantie.fi\/wp-content\/uploads\/2018\/06\/tuliwww.jpg?w=1600&amp;ssl=1 1600w, https:\/\/i0.wp.com\/kuninkaantie.fi\/wp-content\/uploads\/2018\/06\/tuliwww.jpg?w=1280&amp;ssl=1 1280w\" sizes=\"auto, (max-width: 640px) 100vw, 640px\" \/><\/p>\n","protected":false},"excerpt":{"rendered":"<p>Celeres Nordican ritarit saapuvat. (Kuva: Chris Senn) Raaseporin keskiaikaseura j\u00e4rjest\u00e4\u00e4 Keskiaikaa Raaseporissa -tapahtuman 14.7.-15.7. Raaseporin linnanraunioilla. Ohjelmassa on keskiaikaiset markkinat ja turnajaiset. Luvassa on mm. musiikkia, tanssiesitys, turnajaiset, tuliesityksi\u00e4, ilveilij\u00f6it\u00e4 sek\u00e4 varsijousiammuntaa ja veitsen- ja kirveenheittoa, joita yleis\u00f6kin p\u00e4\u00e4see kokeilemaan. Uutuutena t\u00e4n\u00e4 vuonna on yrttik\u00e4vely, jossa tutustutaan oppaan johdolla vanhoihin yrtteihin. Markkinoilla myyd\u00e4\u00e4n mm. keskiaikaisia [&hellip;]<\/p>\n","protected":false},"author":2,"featured_media":401,"comment_status":"open","ping_status":"closed","sticky":false,"template":"","format":"standard","meta":{"jetpack_post_was_ever_published":false,"_jetpack_newsletter_access":"","_jetpack_dont_email_post_to_subs":false,"_jetpack_newsletter_tier_id":0,"_jetpack_memberships_contains_paywalled_content":false,"_jetpack_memberships_contains_paid_content":false,"footnotes":""},"categories":[30,84,74],"tags":[97,100,98,99],"class_list":["post-400","post","type-post","status-publish","format-standard","has-post-thumbnail","hentry","category-historia","category-ajankohtaista","category-tapahtuma","tag-keskiaika","tag-markkinat","tag-raasepori","tag-turnajaiset"],"translation":{"provider":"WPGlobus","version":"3.0.2","language":"fi","enabled_languages":["en","fi","zh"],"languages":{"en":{"title":true,"content":false,"excerpt":false},"fi":{"title":true,"content":true,"excerpt":false},"zh":{"title":false,"content":false,"excerpt":false}}},"yoast_head":"<!-- This site is optimized with the Yoast SEO plugin v27.3 - https:\/\/yoast.com\/product\/yoast-seo-wordpress\/ -->\n<title>Keskiaika saapuu Raaseporiin ja Siuntioon - Kuninkaantie<\/title>\n<meta name=\"robots\" content=\"index, follow, max-snippet:-1, max-image-preview:large, max-video-preview:-1\" \/>\n<link rel=\"canonical\" href=\"https:\/\/kuninkaantie.fi\/keskiaika-saapuu-raaseporiin-ja-siuntioon\/\" \/>\n<meta property=\"og:locale\" content=\"fi_FI\" \/>\n<meta property=\"og:type\" content=\"article\" \/>\n<meta property=\"og:title\" content=\"Keskiaika saapuu Raaseporiin ja Siuntioon - Kuninkaantie\" \/>\n<meta property=\"og:url\" content=\"https:\/\/kuninkaantie.fi\/keskiaika-saapuu-raaseporiin-ja-siuntioon\/\" \/>\n<meta property=\"og:site_name\" content=\"Kuninkaantie\" \/>\n<meta property=\"article:published_time\" content=\"2018-06-06T08:33:31+00:00\" \/>\n<meta property=\"og:image\" content=\"https:\/\/kuninkaantie.fi\/wp-content\/uploads\/2018\/06\/ritaritwww.jpg\" \/>\n\t<meta property=\"og:image:width\" content=\"1600\" \/>\n\t<meta property=\"og:image:height\" content=\"1206\" \/>\n\t<meta property=\"og:image:type\" content=\"image\/jpeg\" \/>\n<meta name=\"author\" content=\"TheKing\" \/>\n<meta name=\"twitter:card\" content=\"summary_large_image\" \/>\n<meta name=\"twitter:label1\" content=\"Kirjoittanut\" \/>\n\t<meta name=\"twitter:data1\" content=\"TheKing\" \/>\n\t<meta name=\"twitter:label2\" content=\"Arvioitu lukuaika\" \/>\n\t<meta name=\"twitter:data2\" content=\"3 minuuttia\" \/>\n<script type=\"application\/ld+json\" class=\"yoast-schema-graph\">{\"@context\":\"https:\\\/\\\/schema.org\",\"@graph\":[{\"@type\":\"Article\",\"@id\":\"https:\\\/\\\/kuninkaantie.fi\\\/keskiaika-saapuu-raaseporiin-ja-siuntioon\\\/#article\",\"isPartOf\":{\"@id\":\"https:\\\/\\\/kuninkaantie.fi\\\/keskiaika-saapuu-raaseporiin-ja-siuntioon\\\/\"},\"author\":{\"name\":\"TheKing\",\"@id\":\"https:\\\/\\\/kuninkaantie.fi\\\/#\\\/schema\\\/person\\\/243cae00159e5d12676c67c0c2906af3\"},\"headline\":\"Keskiaika saapuu Raaseporiin ja Siuntioon\",\"datePublished\":\"2018-06-06T08:33:31+00:00\",\"mainEntityOfPage\":{\"@id\":\"https:\\\/\\\/kuninkaantie.fi\\\/keskiaika-saapuu-raaseporiin-ja-siuntioon\\\/\"},\"wordCount\":647,\"commentCount\":0,\"image\":{\"@id\":\"https:\\\/\\\/kuninkaantie.fi\\\/keskiaika-saapuu-raaseporiin-ja-siuntioon\\\/#primaryimage\"},\"thumbnailUrl\":\"https:\\\/\\\/i0.wp.com\\\/kuninkaantie.fi\\\/wp-content\\\/uploads\\\/2018\\\/06\\\/ritaritwww.jpg?fit=1600%2C1206&ssl=1\",\"keywords\":[\"keskiaika\",\"markkinat\",\"raasepori\",\"turnajaiset\"],\"articleSection\":[\"historia\",\"ajankohtaista\",\"tapahtuma\"],\"inLanguage\":\"fi\",\"potentialAction\":[{\"@type\":\"CommentAction\",\"name\":\"Comment\",\"target\":[\"https:\\\/\\\/kuninkaantie.fi\\\/keskiaika-saapuu-raaseporiin-ja-siuntioon\\\/#respond\"]}]},{\"@type\":\"WebPage\",\"@id\":\"https:\\\/\\\/kuninkaantie.fi\\\/keskiaika-saapuu-raaseporiin-ja-siuntioon\\\/\",\"url\":\"https:\\\/\\\/kuninkaantie.fi\\\/keskiaika-saapuu-raaseporiin-ja-siuntioon\\\/\",\"name\":\"Keskiaika saapuu Raaseporiin ja Siuntioon - Kuninkaantie\",\"isPartOf\":{\"@id\":\"https:\\\/\\\/kuninkaantie.fi\\\/#website\"},\"primaryImageOfPage\":{\"@id\":\"https:\\\/\\\/kuninkaantie.fi\\\/keskiaika-saapuu-raaseporiin-ja-siuntioon\\\/#primaryimage\"},\"image\":{\"@id\":\"https:\\\/\\\/kuninkaantie.fi\\\/keskiaika-saapuu-raaseporiin-ja-siuntioon\\\/#primaryimage\"},\"thumbnailUrl\":\"https:\\\/\\\/i0.wp.com\\\/kuninkaantie.fi\\\/wp-content\\\/uploads\\\/2018\\\/06\\\/ritaritwww.jpg?fit=1600%2C1206&ssl=1\",\"datePublished\":\"2018-06-06T08:33:31+00:00\",\"author\":{\"@id\":\"https:\\\/\\\/kuninkaantie.fi\\\/#\\\/schema\\\/person\\\/243cae00159e5d12676c67c0c2906af3\"},\"breadcrumb\":{\"@id\":\"https:\\\/\\\/kuninkaantie.fi\\\/keskiaika-saapuu-raaseporiin-ja-siuntioon\\\/#breadcrumb\"},\"inLanguage\":\"fi\",\"potentialAction\":[{\"@type\":\"ReadAction\",\"target\":[\"https:\\\/\\\/kuninkaantie.fi\\\/keskiaika-saapuu-raaseporiin-ja-siuntioon\\\/\"]}]},{\"@type\":\"ImageObject\",\"inLanguage\":\"fi\",\"@id\":\"https:\\\/\\\/kuninkaantie.fi\\\/keskiaika-saapuu-raaseporiin-ja-siuntioon\\\/#primaryimage\",\"url\":\"https:\\\/\\\/i0.wp.com\\\/kuninkaantie.fi\\\/wp-content\\\/uploads\\\/2018\\\/06\\\/ritaritwww.jpg?fit=1600%2C1206&ssl=1\",\"contentUrl\":\"https:\\\/\\\/i0.wp.com\\\/kuninkaantie.fi\\\/wp-content\\\/uploads\\\/2018\\\/06\\\/ritaritwww.jpg?fit=1600%2C1206&ssl=1\",\"width\":1600,\"height\":1206},{\"@type\":\"BreadcrumbList\",\"@id\":\"https:\\\/\\\/kuninkaantie.fi\\\/keskiaika-saapuu-raaseporiin-ja-siuntioon\\\/#breadcrumb\",\"itemListElement\":[{\"@type\":\"ListItem\",\"position\":1,\"name\":\"Home\",\"item\":\"https:\\\/\\\/kuninkaantie.fi\\\/\"},{\"@type\":\"ListItem\",\"position\":2,\"name\":\"Keskiaika saapuu Raaseporiin ja Siuntioon\"}]},{\"@type\":\"WebSite\",\"@id\":\"https:\\\/\\\/kuninkaantie.fi\\\/#website\",\"url\":\"https:\\\/\\\/kuninkaantie.fi\\\/\",\"name\":\"Kuninkaantie\",\"description\":\"historiallinen kauppatie\",\"potentialAction\":[{\"@type\":\"SearchAction\",\"target\":{\"@type\":\"EntryPoint\",\"urlTemplate\":\"https:\\\/\\\/kuninkaantie.fi\\\/?s={search_term_string}\"},\"query-input\":{\"@type\":\"PropertyValueSpecification\",\"valueRequired\":true,\"valueName\":\"search_term_string\"}}],\"inLanguage\":\"fi\"},{\"@type\":\"Person\",\"@id\":\"https:\\\/\\\/kuninkaantie.fi\\\/#\\\/schema\\\/person\\\/243cae00159e5d12676c67c0c2906af3\",\"name\":\"TheKing\",\"image\":{\"@type\":\"ImageObject\",\"inLanguage\":\"fi\",\"@id\":\"https:\\\/\\\/secure.gravatar.com\\\/avatar\\\/cfd18ebca8546aad2f77bff84664c383d2b9b6d99c1672e9111a184b9df23c97?s=96&d=mm&r=g\",\"url\":\"https:\\\/\\\/secure.gravatar.com\\\/avatar\\\/cfd18ebca8546aad2f77bff84664c383d2b9b6d99c1672e9111a184b9df23c97?s=96&d=mm&r=g\",\"contentUrl\":\"https:\\\/\\\/secure.gravatar.com\\\/avatar\\\/cfd18ebca8546aad2f77bff84664c383d2b9b6d99c1672e9111a184b9df23c97?s=96&d=mm&r=g\",\"caption\":\"TheKing\"},\"url\":\"https:\\\/\\\/kuninkaantie.fi\\\/fi\\\/author\\\/theking\\\/\"}]}<\/script>\n<!-- \/ Yoast SEO plugin. -->","yoast_head_json":{"title":"Keskiaika saapuu Raaseporiin ja Siuntioon - Kuninkaantie","robots":{"index":"index","follow":"follow","max-snippet":"max-snippet:-1","max-image-preview":"max-image-preview:large","max-video-preview":"max-video-preview:-1"},"canonical":"https:\/\/kuninkaantie.fi\/keskiaika-saapuu-raaseporiin-ja-siuntioon\/","og_locale":"fi_FI","og_type":"article","og_title":"Keskiaika saapuu Raaseporiin ja Siuntioon - Kuninkaantie","og_url":"https:\/\/kuninkaantie.fi\/keskiaika-saapuu-raaseporiin-ja-siuntioon\/","og_site_name":"Kuninkaantie","article_published_time":"2018-06-06T08:33:31+00:00","og_image":[{"width":1600,"height":1206,"url":"https:\/\/kuninkaantie.fi\/wp-content\/uploads\/2018\/06\/ritaritwww.jpg","type":"image\/jpeg"}],"author":"TheKing","twitter_card":"summary_large_image","twitter_misc":{"Kirjoittanut":"TheKing","Arvioitu lukuaika":"3 minuuttia"},"schema":{"@context":"https:\/\/schema.org","@graph":[{"@type":"Article","@id":"https:\/\/kuninkaantie.fi\/keskiaika-saapuu-raaseporiin-ja-siuntioon\/#article","isPartOf":{"@id":"https:\/\/kuninkaantie.fi\/keskiaika-saapuu-raaseporiin-ja-siuntioon\/"},"author":{"name":"TheKing","@id":"https:\/\/kuninkaantie.fi\/#\/schema\/person\/243cae00159e5d12676c67c0c2906af3"},"headline":"Keskiaika saapuu Raaseporiin ja Siuntioon","datePublished":"2018-06-06T08:33:31+00:00","mainEntityOfPage":{"@id":"https:\/\/kuninkaantie.fi\/keskiaika-saapuu-raaseporiin-ja-siuntioon\/"},"wordCount":647,"commentCount":0,"image":{"@id":"https:\/\/kuninkaantie.fi\/keskiaika-saapuu-raaseporiin-ja-siuntioon\/#primaryimage"},"thumbnailUrl":"https:\/\/i0.wp.com\/kuninkaantie.fi\/wp-content\/uploads\/2018\/06\/ritaritwww.jpg?fit=1600%2C1206&ssl=1","keywords":["keskiaika","markkinat","raasepori","turnajaiset"],"articleSection":["historia","ajankohtaista","tapahtuma"],"inLanguage":"fi","potentialAction":[{"@type":"CommentAction","name":"Comment","target":["https:\/\/kuninkaantie.fi\/keskiaika-saapuu-raaseporiin-ja-siuntioon\/#respond"]}]},{"@type":"WebPage","@id":"https:\/\/kuninkaantie.fi\/keskiaika-saapuu-raaseporiin-ja-siuntioon\/","url":"https:\/\/kuninkaantie.fi\/keskiaika-saapuu-raaseporiin-ja-siuntioon\/","name":"Keskiaika saapuu Raaseporiin ja Siuntioon - Kuninkaantie","isPartOf":{"@id":"https:\/\/kuninkaantie.fi\/#website"},"primaryImageOfPage":{"@id":"https:\/\/kuninkaantie.fi\/keskiaika-saapuu-raaseporiin-ja-siuntioon\/#primaryimage"},"image":{"@id":"https:\/\/kuninkaantie.fi\/keskiaika-saapuu-raaseporiin-ja-siuntioon\/#primaryimage"},"thumbnailUrl":"https:\/\/i0.wp.com\/kuninkaantie.fi\/wp-content\/uploads\/2018\/06\/ritaritwww.jpg?fit=1600%2C1206&ssl=1","datePublished":"2018-06-06T08:33:31+00:00","author":{"@id":"https:\/\/kuninkaantie.fi\/#\/schema\/person\/243cae00159e5d12676c67c0c2906af3"},"breadcrumb":{"@id":"https:\/\/kuninkaantie.fi\/keskiaika-saapuu-raaseporiin-ja-siuntioon\/#breadcrumb"},"inLanguage":"fi","potentialAction":[{"@type":"ReadAction","target":["https:\/\/kuninkaantie.fi\/keskiaika-saapuu-raaseporiin-ja-siuntioon\/"]}]},{"@type":"ImageObject","inLanguage":"fi","@id":"https:\/\/kuninkaantie.fi\/keskiaika-saapuu-raaseporiin-ja-siuntioon\/#primaryimage","url":"https:\/\/i0.wp.com\/kuninkaantie.fi\/wp-content\/uploads\/2018\/06\/ritaritwww.jpg?fit=1600%2C1206&ssl=1","contentUrl":"https:\/\/i0.wp.com\/kuninkaantie.fi\/wp-content\/uploads\/2018\/06\/ritaritwww.jpg?fit=1600%2C1206&ssl=1","width":1600,"height":1206},{"@type":"BreadcrumbList","@id":"https:\/\/kuninkaantie.fi\/keskiaika-saapuu-raaseporiin-ja-siuntioon\/#breadcrumb","itemListElement":[{"@type":"ListItem","position":1,"name":"Home","item":"https:\/\/kuninkaantie.fi\/"},{"@type":"ListItem","position":2,"name":"Keskiaika saapuu Raaseporiin ja Siuntioon"}]},{"@type":"WebSite","@id":"https:\/\/kuninkaantie.fi\/#website","url":"https:\/\/kuninkaantie.fi\/","name":"Kuninkaantie","description":"historiallinen kauppatie","potentialAction":[{"@type":"SearchAction","target":{"@type":"EntryPoint","urlTemplate":"https:\/\/kuninkaantie.fi\/?s={search_term_string}"},"query-input":{"@type":"PropertyValueSpecification","valueRequired":true,"valueName":"search_term_string"}}],"inLanguage":"fi"},{"@type":"Person","@id":"https:\/\/kuninkaantie.fi\/#\/schema\/person\/243cae00159e5d12676c67c0c2906af3","name":"TheKing","image":{"@type":"ImageObject","inLanguage":"fi","@id":"https:\/\/secure.gravatar.com\/avatar\/cfd18ebca8546aad2f77bff84664c383d2b9b6d99c1672e9111a184b9df23c97?s=96&d=mm&r=g","url":"https:\/\/secure.gravatar.com\/avatar\/cfd18ebca8546aad2f77bff84664c383d2b9b6d99c1672e9111a184b9df23c97?s=96&d=mm&r=g","contentUrl":"https:\/\/secure.gravatar.com\/avatar\/cfd18ebca8546aad2f77bff84664c383d2b9b6d99c1672e9111a184b9df23c97?s=96&d=mm&r=g","caption":"TheKing"},"url":"https:\/\/kuninkaantie.fi\/fi\/author\/theking\/"}]}},"jetpack_featured_media_url":"https:\/\/i0.wp.com\/kuninkaantie.fi\/wp-content\/uploads\/2018\/06\/ritaritwww.jpg?fit=1600%2C1206&ssl=1","jetpack_sharing_enabled":true,"jetpack_shortlink":"https:\/\/wp.me\/p92YTG-6s","jetpack-related-posts":[{"id":1080,"url":"https:\/\/kuninkaantie.fi\/fi\/tammisaaren-vanhanajan-joulumarkkinat-7-8-12-2024\/","url_meta":{"origin":400,"position":0},"title":"Tammisaaren Vanhanajan joulumarkkinat 7.-8.12.2024","author":"TheKing","date":"02\/12\/2024","format":false,"excerpt":"Joulumarkkinaviikonloppu tulossa Tammisaareen! T\u00e4n\u00e4 vuonna yli sata paikkaa on varattu, ja mukana on sek\u00e4 tuttuja myyji\u00e4 ett\u00e4 useita uusia tulokkaita. Markkinoilta l\u00f6yd\u00e4t sep\u00e4nt\u00f6it\u00e4, juustoja, kalaa, tuohikoreja, k\u00e4sintehtyj\u00e4 nahkatuotteita, makeisia, k\u00e4sit\u00f6it\u00e4, joulukuusia ja paljon muuta. Useat myyj\u00e4t tulevat Ahvenanmaalta ja tarjoavat mm. kalaa ja omenatuotteita. Ruokauutuuksista mainittakoon kokonaisena paistettu sika, hotdog-k\u00e4rry\u2026","rel":"","context":"Kategoriassa &quot;ajankohtaista&quot;","block_context":{"text":"ajankohtaista","link":"https:\/\/kuninkaantie.fi\/fi\/category\/ajankohtaista\/"},"img":{"alt_text":"raaseporin joulumarkkinat","src":"https:\/\/i0.wp.com\/kuninkaantie.fi\/wp-content\/uploads\/2024\/12\/raaseporin-joulumarkkinat.jpg?fit=1200%2C1008&ssl=1&resize=350%2C200","width":350,"height":200,"srcset":"https:\/\/i0.wp.com\/kuninkaantie.fi\/wp-content\/uploads\/2024\/12\/raaseporin-joulumarkkinat.jpg?fit=1200%2C1008&ssl=1&resize=350%2C200 1x, https:\/\/i0.wp.com\/kuninkaantie.fi\/wp-content\/uploads\/2024\/12\/raaseporin-joulumarkkinat.jpg?fit=1200%2C1008&ssl=1&resize=525%2C300 1.5x, https:\/\/i0.wp.com\/kuninkaantie.fi\/wp-content\/uploads\/2024\/12\/raaseporin-joulumarkkinat.jpg?fit=1200%2C1008&ssl=1&resize=700%2C400 2x, https:\/\/i0.wp.com\/kuninkaantie.fi\/wp-content\/uploads\/2024\/12\/raaseporin-joulumarkkinat.jpg?fit=1200%2C1008&ssl=1&resize=1050%2C600 3x"},"classes":[]},{"id":1182,"url":"https:\/\/kuninkaantie.fi\/fi\/karjaan-paasiaismarkkinat-tayttavat-keskustan-kevaisella-tunnelmalla\/","url_meta":{"origin":400,"position":1},"title":"Karjaan p\u00e4\u00e4si\u00e4ismarkkinat t\u00e4ytt\u00e4v\u00e4t keskustan kev\u00e4isell\u00e4 tunnelmalla","author":"TheKing","date":"29\/03\/2026","format":false,"excerpt":"Karjaan p\u00e4\u00e4si\u00e4ismarkkinat palaavat j\u00e4lleen tuomaan v\u00e4ri\u00e4 ja el\u00e4m\u00e4\u00e4 Raaseporin syd\u00e4meen. Tapahtuma j\u00e4rjestet\u00e4\u00e4n lauantaina 3. huhtikuuta 2026, ja se kokoaa yhteen yli sata myyj\u00e4\u00e4 sek\u00e4 runsaasti k\u00e4vij\u00f6it\u00e4 eri puolilta L\u00e4nsi-Uuttamaata. Markkinat ovat kasvaneet vuosi vuodelta, ja niist\u00e4 on muodostunut yksi alueen odotetuimmista kev\u00e4ttapahtumista.","rel":"","context":"Kategoriassa &quot;tapahtuma&quot;","block_context":{"text":"tapahtuma","link":"https:\/\/kuninkaantie.fi\/fi\/category\/tapahtuma\/"},"img":{"alt_text":"p\u00e4\u00e4si\u00e4ismarkkinat teko\u00e4lyn kuvituskuva","src":"https:\/\/i0.wp.com\/kuninkaantie.fi\/wp-content\/uploads\/2026\/03\/paasiaismarkkinat.jpg?fit=1200%2C931&ssl=1&resize=350%2C200","width":350,"height":200,"srcset":"https:\/\/i0.wp.com\/kuninkaantie.fi\/wp-content\/uploads\/2026\/03\/paasiaismarkkinat.jpg?fit=1200%2C931&ssl=1&resize=350%2C200 1x, https:\/\/i0.wp.com\/kuninkaantie.fi\/wp-content\/uploads\/2026\/03\/paasiaismarkkinat.jpg?fit=1200%2C931&ssl=1&resize=525%2C300 1.5x, https:\/\/i0.wp.com\/kuninkaantie.fi\/wp-content\/uploads\/2026\/03\/paasiaismarkkinat.jpg?fit=1200%2C931&ssl=1&resize=700%2C400 2x, https:\/\/i0.wp.com\/kuninkaantie.fi\/wp-content\/uploads\/2026\/03\/paasiaismarkkinat.jpg?fit=1200%2C931&ssl=1&resize=1050%2C600 3x"},"classes":[]},{"id":927,"url":"https:\/\/kuninkaantie.fi\/fi\/keskiaikamatkailu-suomessa\/","url_meta":{"origin":400,"position":2},"title":"Keskiaikamatkailu Suomessa","author":"TheKing","date":"08\/03\/2023","format":false,"excerpt":"Keskiaikamatkailu Suomessa voi tarjota matkailijoille unohtumattomia kokemuksia ja mahdollisuuden tutustua Suomen keskiaikaiseen historiaan ja kulttuuriin. Se ei tarkoita, etteik\u00f6 matkalla voisi y\u00f6py\u00e4 vaikka Tampereen uudessa Lapland Hotels Arena keskustahotellissa. Suomessa on useita keskiaikaisia linnoja ja linnoituksia, joista tunnetuimpia ovat Turun linna, H\u00e4meen linna, Olavinlinna ja Raaseporin linna. N\u00e4m\u00e4 linnoitukset ovat\u2026","rel":"","context":"Kategoriassa &quot;ajankohtaista&quot;","block_context":{"text":"ajankohtaista","link":"https:\/\/kuninkaantie.fi\/fi\/category\/ajankohtaista\/"},"img":{"alt_text":"","src":"https:\/\/i0.wp.com\/kuninkaantie.fi\/wp-content\/uploads\/2018\/06\/turnajaisetwww.jpg?fit=1200%2C924&ssl=1&resize=350%2C200","width":350,"height":200,"srcset":"https:\/\/i0.wp.com\/kuninkaantie.fi\/wp-content\/uploads\/2018\/06\/turnajaisetwww.jpg?fit=1200%2C924&ssl=1&resize=350%2C200 1x, https:\/\/i0.wp.com\/kuninkaantie.fi\/wp-content\/uploads\/2018\/06\/turnajaisetwww.jpg?fit=1200%2C924&ssl=1&resize=525%2C300 1.5x, https:\/\/i0.wp.com\/kuninkaantie.fi\/wp-content\/uploads\/2018\/06\/turnajaisetwww.jpg?fit=1200%2C924&ssl=1&resize=700%2C400 2x, https:\/\/i0.wp.com\/kuninkaantie.fi\/wp-content\/uploads\/2018\/06\/turnajaisetwww.jpg?fit=1200%2C924&ssl=1&resize=1050%2C600 3x"},"classes":[]},{"id":447,"url":"https:\/\/kuninkaantie.fi\/fi\/klassikkomusikaali-west-side-story-raaseporin-kesateatterissa\/","url_meta":{"origin":400,"position":3},"title":"Klassikkomusikaali West Side Story  Raaseporin Kes\u00e4teatterissa","author":"TheKing","date":"04\/06\/2018","format":false,"excerpt":"{:fi} P\u00e4\u00e4roolien esitt\u00e4j\u00e4t Rasmus Basilier (Bernardo, vas), Anna-Kajsa Edstr\u00f6m (Anita), Vilma Ekl\u00f6v (Maria) ja Birk Lerviks (Tony). (Kuva: Mona Salama) T\u00e4n\u00e4 kes\u00e4n\u00e4 West Side Story valtaa Raaseporin ulkoilman\u00e4ytt\u00e4m\u00f6n Leonard Bernsteinin ajattomilla s\u00e4velill\u00e4 ja musikaalin huikeilla tanssikohtauksilla. Musikaali sai ensi-iltansa Broadwaylla 1957. West Side Story -elokuva valmistui nelj\u00e4 vuotta my\u00f6hemmin ja\u2026","rel":"","context":"Kategoriassa &quot;ajankohtaista&quot;","block_context":{"text":"ajankohtaista","link":"https:\/\/kuninkaantie.fi\/fi\/category\/ajankohtaista\/"},"img":{"alt_text":"","src":"https:\/\/i0.wp.com\/kuninkaantie.fi\/wp-content\/uploads\/2018\/06\/raasepori.jpg?fit=363%2C238&ssl=1&resize=350%2C200","width":350,"height":200},"classes":[]},{"id":1152,"url":"https:\/\/kuninkaantie.fi\/fi\/vastuullisuuden-ja-digiajan-aallonharjalla-nain-raaseporin-paikallinen-yrittaminen-uudistuu\/","url_meta":{"origin":400,"position":4},"title":"Vastuullisuuden ja digiajan aallonharjalla: N\u00e4in Raaseporin paikallinen yritt\u00e4minen uudistuu","author":"TheKing","date":"25\/11\/2025","format":false,"excerpt":"Paikallisen yritt\u00e4misen tulevaisuus Raaseporissa on vahvasti s\u00e4hk\u00f6inen ja digitaalinen, mik\u00e4 tarjoaa valtavia mahdollisuuksia uusille yritt\u00e4jille ja vanhojen toimijoiden uudistumiselle. Kaupungin uniikki sijainti ja vahva matkailuprofilointi hy\u00f6tyv\u00e4t s\u00e4hk\u00f6istymisest\u00e4 ja digiajan tuomasta tehokkuudesta. S\u00e4hk\u00f6autot, s\u00e4hk\u00f6pakettiautot ja niiden vaatimat latauspisteet eiv\u00e4t ole en\u00e4\u00e4 valinta, vaan ne ovat v\u00e4ltt\u00e4m\u00e4tt\u00f6myys, joka varmistaa Raaseporin paikallisen yritt\u00e4misen\u2026","rel":"","context":"Kategoriassa &quot;ajankohtaista&quot;","block_context":{"text":"ajankohtaista","link":"https:\/\/kuninkaantie.fi\/fi\/category\/ajankohtaista\/"},"img":{"alt_text":"","src":"https:\/\/i0.wp.com\/kuninkaantie.fi\/wp-content\/uploads\/2025\/11\/sahkoauto-hallissa-latauksessa.jpg?fit=1024%2C700&ssl=1&resize=350%2C200","width":350,"height":200,"srcset":"https:\/\/i0.wp.com\/kuninkaantie.fi\/wp-content\/uploads\/2025\/11\/sahkoauto-hallissa-latauksessa.jpg?fit=1024%2C700&ssl=1&resize=350%2C200 1x, https:\/\/i0.wp.com\/kuninkaantie.fi\/wp-content\/uploads\/2025\/11\/sahkoauto-hallissa-latauksessa.jpg?fit=1024%2C700&ssl=1&resize=525%2C300 1.5x, https:\/\/i0.wp.com\/kuninkaantie.fi\/wp-content\/uploads\/2025\/11\/sahkoauto-hallissa-latauksessa.jpg?fit=1024%2C700&ssl=1&resize=700%2C400 2x"},"classes":[]},{"id":430,"url":"https:\/\/kuninkaantie.fi\/fi\/takinkaantoa-kesateatterissa\/","url_meta":{"origin":400,"position":5},"title":"Takink\u00e4\u00e4nt\u00f6\u00e4 kes\u00e4teatterissa","author":"TheKing","date":"06\/06\/2018","format":false,"excerpt":"{:fi} Vihdin Teatteri on p\u00e4\u00e4tt\u00e4nyt t\u00e4n\u00e4 kes\u00e4n\u00e4 nauraa ihmisten ennakkoluuloille, kateudelle, v\u00e4\u00e4rink\u00e4sityksille ja kaikille inhimillisen el\u00e4m\u00e4n oikuille. Niinp\u00e4 niin. Jostakin satavuotiaan Suomemme syd\u00e4nmailta l\u00f6ytyy Jaavanvaaran kyl\u00e4. Ennen niin iloinen ja sykkiv\u00e4, josta l\u00e4hes kaikki ovat l\u00e4hteneet. Ei sent\u00e4\u00e4n ihan kaikki. On siell\u00e4 viel\u00e4 yksi kauppa ja v\u00e4h\u00e4n jotain muutakin sent\u00e4\u00e4n.\u2026","rel":"","context":"Kategoriassa &quot;ajankohtaista&quot;","block_context":{"text":"ajankohtaista","link":"https:\/\/kuninkaantie.fi\/fi\/category\/ajankohtaista\/"},"img":{"alt_text":"","src":"https:\/\/i0.wp.com\/kuninkaantie.fi\/wp-content\/uploads\/2018\/06\/takink%C3%A4%C3%A4nt%C3%B6www.jpg?fit=1200%2C899&ssl=1&resize=350%2C200","width":350,"height":200,"srcset":"https:\/\/i0.wp.com\/kuninkaantie.fi\/wp-content\/uploads\/2018\/06\/takink%C3%A4%C3%A4nt%C3%B6www.jpg?fit=1200%2C899&ssl=1&resize=350%2C200 1x, https:\/\/i0.wp.com\/kuninkaantie.fi\/wp-content\/uploads\/2018\/06\/takink%C3%A4%C3%A4nt%C3%B6www.jpg?fit=1200%2C899&ssl=1&resize=525%2C300 1.5x, https:\/\/i0.wp.com\/kuninkaantie.fi\/wp-content\/uploads\/2018\/06\/takink%C3%A4%C3%A4nt%C3%B6www.jpg?fit=1200%2C899&ssl=1&resize=700%2C400 2x, https:\/\/i0.wp.com\/kuninkaantie.fi\/wp-content\/uploads\/2018\/06\/takink%C3%A4%C3%A4nt%C3%B6www.jpg?fit=1200%2C899&ssl=1&resize=1050%2C600 3x"},"classes":[]}],"_links":{"self":[{"href":"https:\/\/kuninkaantie.fi\/fi\/wp-json\/wp\/v2\/posts\/400","targetHints":{"allow":["GET"]}}],"collection":[{"href":"https:\/\/kuninkaantie.fi\/fi\/wp-json\/wp\/v2\/posts"}],"about":[{"href":"https:\/\/kuninkaantie.fi\/fi\/wp-json\/wp\/v2\/types\/post"}],"author":[{"embeddable":true,"href":"https:\/\/kuninkaantie.fi\/fi\/wp-json\/wp\/v2\/users\/2"}],"replies":[{"embeddable":true,"href":"https:\/\/kuninkaantie.fi\/fi\/wp-json\/wp\/v2\/comments?post=400"}],"version-history":[{"count":2,"href":"https:\/\/kuninkaantie.fi\/fi\/wp-json\/wp\/v2\/posts\/400\/revisions"}],"predecessor-version":[{"id":405,"href":"https:\/\/kuninkaantie.fi\/fi\/wp-json\/wp\/v2\/posts\/400\/revisions\/405"}],"wp:featuredmedia":[{"embeddable":true,"href":"https:\/\/kuninkaantie.fi\/fi\/wp-json\/wp\/v2\/media\/401"}],"wp:attachment":[{"href":"https:\/\/kuninkaantie.fi\/fi\/wp-json\/wp\/v2\/media?parent=400"}],"wp:term":[{"taxonomy":"category","embeddable":true,"href":"https:\/\/kuninkaantie.fi\/fi\/wp-json\/wp\/v2\/categories?post=400"},{"taxonomy":"post_tag","embeddable":true,"href":"https:\/\/kuninkaantie.fi\/fi\/wp-json\/wp\/v2\/tags?post=400"}],"curies":[{"name":"wp","href":"https:\/\/api.w.org\/{rel}","templated":true}]}}